{"id":1936,"date":"2026-01-02T16:02:00","date_gmt":"2026-01-02T15:02:00","guid":{"rendered":"https:\/\/mavericklodges.com\/march-15-hungarian-national-holiday\/"},"modified":"2026-01-13T15:34:46","modified_gmt":"2026-01-13T14:34:46","slug":"15-maerz-groesste-nationalfeiertag-ungarn","status":"publish","type":"post","link":"https:\/\/mavericklodges.com\/de\/15-maerz-groesste-nationalfeiertag-ungarn\/","title":{"rendered":"Der 15. M\u00e4rz, kurz gesagt; der gr\u00f6\u00dfte Nationalfeiertag in Ungarn"},"content":{"rendered":"\n<p>Warum sollte jemand eine edle Sache feiern wollen, die miserabel gescheitert war? Wie k\u00f6nnte man daran teilnehmen, ohne die Gef\u00fchle der Einheimischen zu verletzen? Welchen Eindruck haben Sie nach dem Lesen dieses Posts? Was hat das alles mit Bier zu tun? Und an welchen Aktivit\u00e4ten k\u00f6nnen Sie teilnehmen? Hier finden Sie alles, was Sie \u00fcber den GRO\u00dfEN&nbsp;<strong>nationalen Feiertag vom 15. M\u00e4rz in Ungarn<\/strong>&nbsp;wissen m\u00fcssen.<\/p>\n\n\n\n<h2 class=\"wp-block-heading\">Was wird am 15. M\u00e4rz &#8211; dem ungarischen Nationalfeiertag &#8211; gefeiert?<\/h2>\n\n\n\n<p>Stellen Sie sich einfach vor, dass Sie in einem Land leben, das in den letzten f\u00fcnfhundert Jahren fast alle Kriege verloren hat, die meiste Zeit ist Ihr Land von gr\u00f6\u00dferen L\u00e4ndern besetzt worden: m\u00f6chten Sie also so etwa als nationaler Feiertag feiern, oder? F\u00fcr uns in Ungarn ist die Etnscheidung aber ganz einfach, wir sammeln uns zusammen, um die Eriegnisse unserer Geschichte zu feiern und weil wir zumindest es versucht haben.<\/p>\n\n\n\n<p>Aber warum lohnt es sich, ein Scheitern zu feiern? Im Jahr 1848 vereinte sich das ungarische Volk f\u00fcr den Kampf f\u00fcr die Freiheit, was schlie\u00dflich zur Gr\u00fcndung \u00d6sterreich-Ungarns f\u00fchrte, wodurch Ungarn nach der Auss\u00f6hnung mit \u00d6sterreich mehr Gewicht in der Politik bekommen hatte. Und obwohl Ungarn am Ende verloren hatte, wurden ihre Gener\u00e4le und Soldaten wegen Ihrer M\u00fchen im gescheiterten Kampf gelobt.<\/p>\n\n\n\n<figure class=\"wp-block-image aligncenter size-large\"><img loading=\"lazy\" decoding=\"async\" width=\"760\" height=\"507\" src=\"https:\/\/mavericklodges.com\/wp-content\/uploads\/2024\/11\/liberty-statue-budapest-march-15-hungarian-national-holiday.jpeg?_t=1731334353\" alt=\"\" class=\"wp-image-1621\" srcset=\"https:\/\/mavericklodges.com\/wp-content\/uploads\/2024\/11\/liberty-statue-budapest-march-15-hungarian-national-holiday.jpeg 760w, https:\/\/mavericklodges.com\/wp-content\/uploads\/2024\/11\/liberty-statue-budapest-march-15-hungarian-national-holiday-300x200.jpeg 300w\" sizes=\"auto, (max-width: 760px) 100vw, 760px\" \/><\/figure>\n\n\n\n<p>Der hervorragende Chemiker, der 1849 als General Artur G\u00f6rgei kapitulierte, wurde oft als Verr\u00e4ter angesehen, weil er &#8220;aufgegeben&#8221; hatte; aber in der Wirklichkeit hatte sein strategisches Genie Ungarn ganz stark geholfen, so lange Zeit in der ersten Linie der europ\u00e4ischen Politik zu bleiben.<\/p>\n\n\n\n<p>Ein Schl\u00fcsselmoment, der w\u00e4hrend der Revolution und des Unabh\u00e4ngigkeitskrieges von 1848 zu erw\u00e4hnen ist, war die Vorlage eines Forderungskataloges durch die F\u00fchrer: Dieser ist als die 12 Punkte der ungarischen Revolution\u00e4re bekannt und garantierte den Sieg der Fortschrittspartei bei den Wahlen.<\/p>\n\n\n\n<h2 class=\"wp-block-heading\">Was hat es aber mit Bier zu tun?<\/h2>\n\n\n\n<p>Die Legende sagt, dass die \u00d6sterreicher mit ihren Gl\u00e4sern Bier auf die Hinrichtung der ungarischen Gener\u00e4le angestossen haben.Ungarn wiederum verpflichteten sich, 150 Jahre (bis 1999!) zu verbringen, ohne dies zu tun. 1999 war ein Wendepunkt im Leben der ungarischen Kneipen, als wir nach und nach gelernt haben, Biergl\u00e4ser ohne Schuldgef\u00fchl zu heben. Manche Bierliebhaber tun dies immer noch nicht sind aber auch nicht \u00fcberrascht, wenn einige Einheimische es ablehnen.<\/p>\n\n\n\n<figure class=\"wp-block-image aligncenter size-large\"><img loading=\"lazy\" decoding=\"async\" width=\"760\" height=\"507\" src=\"https:\/\/mavericklodges.com\/wp-content\/uploads\/2024\/11\/beer-march-15-hungarian-national-holiday.jpeg?_t=1731334470\" alt=\"\" class=\"wp-image-1620\" srcset=\"https:\/\/mavericklodges.com\/wp-content\/uploads\/2024\/11\/beer-march-15-hungarian-national-holiday.jpeg 760w, https:\/\/mavericklodges.com\/wp-content\/uploads\/2024\/11\/beer-march-15-hungarian-national-holiday-300x200.jpeg 300w\" sizes=\"auto, (max-width: 760px) 100vw, 760px\" \/><\/figure>\n\n\n\n<h2 class=\"wp-block-heading\"><strong>Also, ist das ein heikles Thema?<\/strong><\/h2>\n\n\n\n<p>Abgesehen von der Geschichte des Bieres, wirklich nicht. Trotz des negativen Ergebnisses (ehrlich gesagt, des durchschlagenden Scheiterns) ist 1848 schon lange her. Die meisten jungen Leute w\u00fcrden keine unmittelbare Verbindung f\u00fchlen, und ehrlich gesagt w\u00fcrden sich viele von ihnen nur an die langweiligen Schulfeiern erinnern, die jedes Fr\u00fchjahr in der Grundschule stattgefunden haben.<\/p>\n\n\n\n<p>Sie k\u00f6nnen definitiv die Nacht des 15. M\u00e4rz genie\u00dfen, wie eine anderer Nacht des Jahres. Seien Sie nicht \u00fcberrascht, wenn viele Leute eine rote, wei\u00dfe und gr\u00fcne Nadel (die Farben der ungarischen Flagge) im Ged\u00e4chtnis an diese Ereignissen tragen.<\/p>\n\n\n\n<figure class=\"wp-block-image aligncenter size-large\"><img loading=\"lazy\" decoding=\"async\" width=\"650\" height=\"458\" src=\"https:\/\/mavericklodges.com\/wp-content\/uploads\/2024\/11\/opera-house-march-15-hungarian-national-holiday.png?_t=1731334487\" alt=\"\" class=\"wp-image-1622\" srcset=\"https:\/\/mavericklodges.com\/wp-content\/uploads\/2024\/11\/opera-house-march-15-hungarian-national-holiday.png 650w, https:\/\/mavericklodges.com\/wp-content\/uploads\/2024\/11\/opera-house-march-15-hungarian-national-holiday-300x211.png 300w\" sizes=\"auto, (max-width: 650px) 100vw, 650px\" \/><\/figure>\n\n\n\n<h2 class=\"wp-block-heading\">Wie sollte ich mich f\u00fcr das Festival verkleiden?<\/h2>\n\n\n\n<p>Das Wetter im M\u00e4rz ist unvorhersehbar &#8211; im M\u00e4rz 2013 gab es einen gewaltigen Sturm, daher sollten Sie beim Packen unbedingt einen zus\u00e4tzlichen Regenmantel mitnehmen!<\/p>\n\n\n\n<h2 class=\"wp-block-heading\">WWas sind die Hauptaktivit\u00e4ten f\u00fcr dieses Jahr 2026?<\/h2>\n\n\n\n<p>*<strong>Wichtig:<\/strong>&nbsp;Alle Aktivit\u00e4ten k\u00f6nnen wegen des Coronavirus abgesagt werden.<\/p>\n\n\n\n<p>Die Feierlichkeiten beginnen um 9:00 Uhr auf dem Kossuth-Platz (vor dem Parlament) und werden im Garten des Ungarischen Nationalmuseums und in der Budaer Burg fortgesetzt.<\/p>\n\n\n\n<p><strong>Alle Festprogramme sind kostenlos!<\/strong>&nbsp;Sie k\u00f6nnen daran teilnehmen:<\/p>\n\n\n\n<ul class=\"wp-block-list\">\n<li>Volkstanzunterricht und Volkskonzerte<\/li>\n\n\n\n<li>Ein lokaler Lebensmittelmarkt, auf dem ungarische Spezialit\u00e4ten wie Langos, K\u00fcrt\u00f6s Kal\u00e1cs usw. Geschmack k\u00f6nnen.<\/li>\n\n\n\n<li>Handwerkliche Workshops<\/li>\n<\/ul>\n\n\n\n<p>Und wenn Sie nach einer Weile das Gef\u00fchl haben, eine Pause von der Musik einzulegen und einen ruhigen Moment zu genie\u00dfen, dann sollten Sie unbedingt das Ungarische Nationalmuseum besuchen: Der Eintritt kostet normalerweise ca. 7\u20ac, ist aber bei dieser Gelegenheit kostenlos! Das Festival ist auch f\u00fcr Familien ideal, denn in der Fischerbastei &#8211; St. Stephan-Statue (Szenth\u00e1roms\u00e1g Sqr.), nur wenige Kilometer vom Nationalmuseum entfernt, k\u00f6nnen Sie Konzerte und Auff\u00fchrungen f\u00fcr Kinder besuchen.<\/p>\n\n\n\n<figure class=\"wp-block-image aligncenter size-large\"><img loading=\"lazy\" decoding=\"async\" width=\"800\" height=\"608\" src=\"https:\/\/mavericklodges.com\/wp-content\/uploads\/2024\/11\/activities-museum-march-15-hungarian-national-holiday.jpeg?_t=1731334933\" alt=\"\" class=\"wp-image-1619\" srcset=\"https:\/\/mavericklodges.com\/wp-content\/uploads\/2024\/11\/activities-museum-march-15-hungarian-national-holiday.jpeg 800w, https:\/\/mavericklodges.com\/wp-content\/uploads\/2024\/11\/activities-museum-march-15-hungarian-national-holiday-300x228.jpeg 300w, https:\/\/mavericklodges.com\/wp-content\/uploads\/2024\/11\/activities-museum-march-15-hungarian-national-holiday-768x584.jpeg 768w\" sizes=\"auto, (max-width: 800px) 100vw, 800px\" \/><\/figure>\n\n\n\n<p>Und wenn Sie die einheimische K\u00fcche kennen lernen m\u00f6chten, sollten Sie unbedingt einen Zwischenstopp in der Budaer Burg einlegen, dem anderen Kern der Feierlichkeiten, wo Sie deftige Suppen, Eint\u00f6pfe und leckere Kuchen und Geb\u00e4ck probieren k\u00f6nnen. Das einzige, wovor ich Sie warnen m\u00f6chte, ist die Politik: Dies ist ein gro\u00dfer Nationalfeiertag, an dem die Parteien gew\u00f6hnlich versuchen, zu punkten, meist durch die Mobilisierung der W\u00e4hler.<\/p>\n\n\n\n<h2 class=\"wp-block-heading\"><strong>Sind die meisten Gesch\u00e4fte an diesem Tag geschlossen?<\/strong><\/h2>\n\n\n\n<p>Ja, da es ein Nationalfeiertag ist, ist es am besten, am Vortag einkaufen zu gehen. Die Caf\u00e9s und Restaurants im Stadtzentrum sind in der Regel ge\u00f6ffnet. Sie k\u00f6nnen an der Rezeption in\u00a0<a href=\"https:\/\/mavericklodges.com\/de\/hostel\/budapest-soho\/\" target=\"_blank\" rel=\"noreferrer noopener\">Maverick Soho<\/a>\u00a0Ank\u00fcnfte bekommen! Denken Sie auch daran, dass sich der Fahrplan der \u00f6ffentlichen Verkehrsmittel entsprechend \u00e4ndern kann.<\/p>\n\n\n\n<h2 class=\"wp-block-heading\">Wussten Sie, dass&#8230;<\/h2>\n\n\n\n<p>Ungarn ist das einzige Land in Europa, das fast vollst\u00e4ndig eine Reihe von Kr\u00f6nungsinsignien aus dem Mittelalter erhalten hat. Oh ja, Besucher k\u00f6nnen an diesem Tag normalerweise die heilige Krone des Heiligen Stephanus im Parlament kostenlos besichtigen. Es gibt auch haupts\u00e4chlich familienorientierte Veranstaltungen auf dem Schlossberg und mehrere Museen.<\/p>\n\n\n\n<figure class=\"wp-block-image aligncenter size-large\"><img loading=\"lazy\" decoding=\"async\" width=\"764\" height=\"580\" src=\"https:\/\/mavericklodges.com\/wp-content\/uploads\/2024\/11\/stephen-crown-march-15-hungarian-national-holiday.jpeg?_t=1731334948\" alt=\"\" class=\"wp-image-1623\" srcset=\"https:\/\/mavericklodges.com\/wp-content\/uploads\/2024\/11\/stephen-crown-march-15-hungarian-national-holiday.jpeg 764w, https:\/\/mavericklodges.com\/wp-content\/uploads\/2024\/11\/stephen-crown-march-15-hungarian-national-holiday-300x228.jpeg 300w\" sizes=\"auto, (max-width: 764px) 100vw, 764px\" \/><\/figure>\n\n\n\n<h2 class=\"wp-block-heading\"><strong>Wie kann ich meine ungarischen Freunde beeindrucken, ohne eine Menge B\u00fccher zu diesem Thema zu lesen?<\/strong><\/h2>\n\n\n\n<ol class=\"wp-block-list\">\n<li>Der junge Kaiser, der den Kampf f\u00fcr die Freiheit entkr\u00e4fttet hattte und die ungarischen Gener\u00e4le t\u00f6ten lassen hatte, um endlich ein Beispiel zu geben, begann den Ersten Weltkrieg mehr als ein halbes Jahrhundert sp\u00e4ter. Vielen Dank, Franz Joseph!<\/li>\n\n\n\n<li>Der polnische Held des ungarischen Freiheitskampfes, General Bem; in die T\u00fcrkei geflohen und dank der \u00dcberf\u00fchrung zum Islam und der Zussamenarbeit mit der osmanischen Armee nicht ausgeliefert worden war, starb er in Aleppo (heute Syrien) unter dem Namen Murat Pascha.<\/li>\n\n\n\n<li>Heute ist es ein erstklassiges Touristenziel im Stadtzentrum, die elegante Zitadelle auf dem Gell\u00e9rtberg wurde von den \u00d6sterreichern nach dem Freiheitskampf erbaut, um dem Teil des ungarischen Volk, der niemals rebeliert,daran erinnern zu lassen.<\/li>\n<\/ol>\n","protected":false},"excerpt":{"rendered":"<p>Warum sollte jemand eine edle Sache feiern wollen, die miserabel gescheitert war? Wie k\u00f6nnte man daran teilnehmen, ohne die Gef\u00fchle der Einheimischen zu verletzen? Welchen Eindruck haben Sie nach dem [&hellip;]<\/p>\n","protected":false},"author":6,"featured_media":1329,"comment_status":"closed","ping_status":"closed","sticky":false,"template":"","format":"standard","meta":{"_acf_changed":false,"_price":"","_stock":"","_tribe_ticket_header":"","_tribe_default_ticket_provider":"","_ticket_start_date":"","_ticket_end_date":"","_tribe_ticket_show_description":"","_tribe_ticket_show_not_going":false,"_tribe_ticket_use_global_stock":"","_tribe_ticket_global_stock_level":"","_global_stock_mode":"","_global_stock_cap":"","_tribe_rsvp_for_event":"","_tribe_ticket_going_count":"","_tribe_ticket_not_going_count":"","_tribe_tickets_list":"[]","_tribe_ticket_has_attendee_info_fields":false,"_EventAllDay":false,"_EventTimezone":"","_EventStartDate":"","_EventEndDate":"","_EventStartDateUTC":"","_EventEndDateUTC":"","_EventShowMap":false,"_EventShowMapLink":false,"_EventURL":"","_EventCost":"","_EventCostDescription":"","_EventCurrencySymbol":"","_EventCurrencyCode":"","_EventCurrencyPosition":"","_EventDateTimeSeparator":"","_EventTimeRangeSeparator":"","_EventOrganizerID":[],"_EventVenueID":[],"_OrganizerEmail":"","_OrganizerPhone":"","_OrganizerWebsite":"","_VenueAddress":"","_VenueCity":"","_VenueCountry":"","_VenueProvince":"","_VenueState":"","_VenueZip":"","_VenuePhone":"","_VenueURL":"","_VenueStateProvince":"","_VenueLat":"","_VenueLng":"","_VenueShowMap":false,"_VenueShowMapLink":false,"_tribe_blocks_recurrence_rules":"","_tribe_blocks_recurrence_description":"","_tribe_blocks_recurrence_exclusions":"","footnotes":""},"categories":[2],"tags":[],"class_list":["post-1936","post","type-post","status-publish","format-standard","has-post-thumbnail","hentry","category-unkategorisiert"],"acf":[],"yoast_head":"<!-- This site is optimized with the Yoast SEO plugin v25.3 - https:\/\/yoast.com\/wordpress\/plugins\/seo\/ -->\n<title>15. M\u00e4rz | Ungarn Nationalfeiertag 2026 | Was Wissen Sie?<\/title>\n<meta name=\"description\" content=\"Alles was Sie \u00fcber den BIG 15. M\u00e4rz Ungarischen Nationalfeiertag wissen m\u00fcssen. Ungarn feiern, dass die L\u00f6sung ist, zusammen zu kommen und es zu versuchen!\" \/>\n<meta name=\"robots\" content=\"index, follow, max-snippet:-1, max-image-preview:large, max-video-preview:-1\" \/>\n<link rel=\"canonical\" href=\"https:\/\/mavericklodges.com\/de\/15-maerz-groesste-nationalfeiertag-ungarn\/\" \/>\n<meta property=\"og:locale\" content=\"de_DE\" \/>\n<meta property=\"og:type\" content=\"article\" \/>\n<meta property=\"og:title\" content=\"15. M\u00e4rz | Ungarn Nationalfeiertag 2026 | Was Wissen Sie?\" \/>\n<meta property=\"og:description\" content=\"Alles was Sie \u00fcber den BIG 15. M\u00e4rz Ungarischen Nationalfeiertag wissen m\u00fcssen. Ungarn feiern, dass die L\u00f6sung ist, zusammen zu kommen und es zu versuchen!\" \/>\n<meta property=\"og:url\" content=\"https:\/\/mavericklodges.com\/de\/15-maerz-groesste-nationalfeiertag-ungarn\/\" \/>\n<meta property=\"og:site_name\" content=\"Maverick Lodges\u2122\" \/>\n<meta property=\"article:published_time\" content=\"2026-01-02T15:02:00+00:00\" \/>\n<meta property=\"article:modified_time\" content=\"2026-01-13T14:34:46+00:00\" \/>\n<meta property=\"og:image\" content=\"https:\/\/mavericklodges.com\/wp-content\/uploads\/2024\/11\/national-day-hungary-fireworks.jpeg\" \/>\n\t<meta property=\"og:image:width\" content=\"760\" \/>\n\t<meta property=\"og:image:height\" content=\"507\" \/>\n\t<meta property=\"og:image:type\" content=\"image\/jpeg\" \/>\n<meta name=\"author\" content=\"Ivan Palma\" \/>\n<meta name=\"twitter:card\" content=\"summary_large_image\" \/>\n<meta name=\"twitter:label1\" content=\"Verfasst von\" \/>\n\t<meta name=\"twitter:data1\" content=\"Ivan Palma\" \/>\n\t<meta name=\"twitter:label2\" content=\"Gesch\u00e4tzte Lesezeit\" \/>\n\t<meta name=\"twitter:data2\" content=\"6\u00a0Minuten\" \/>\n<script type=\"application\/ld+json\" class=\"yoast-schema-graph\">{\"@context\":\"https:\/\/schema.org\",\"@graph\":[{\"@type\":\"Article\",\"@id\":\"https:\/\/mavericklodges.com\/de\/15-maerz-groesste-nationalfeiertag-ungarn\/#article\",\"isPartOf\":{\"@id\":\"https:\/\/mavericklodges.com\/de\/15-maerz-groesste-nationalfeiertag-ungarn\/\"},\"author\":{\"name\":\"Ivan Palma\",\"@id\":\"https:\/\/mavericklodges.com\/de\/#\/schema\/person\/3de09887c4209b8d73c2809913370261\"},\"headline\":\"Der 15. M\u00e4rz, kurz gesagt; der gr\u00f6\u00dfte Nationalfeiertag in Ungarn\",\"datePublished\":\"2026-01-02T15:02:00+00:00\",\"dateModified\":\"2026-01-13T14:34:46+00:00\",\"mainEntityOfPage\":{\"@id\":\"https:\/\/mavericklodges.com\/de\/15-maerz-groesste-nationalfeiertag-ungarn\/\"},\"wordCount\":1040,\"publisher\":{\"@id\":\"https:\/\/mavericklodges.com\/de\/#organization\"},\"image\":{\"@id\":\"https:\/\/mavericklodges.com\/de\/15-maerz-groesste-nationalfeiertag-ungarn\/#primaryimage\"},\"thumbnailUrl\":\"https:\/\/mavericklodges.com\/wp-content\/uploads\/2024\/11\/national-day-hungary-fireworks.jpeg\",\"articleSection\":[\"Unkategorisiert\"],\"inLanguage\":\"de\"},{\"@type\":\"WebPage\",\"@id\":\"https:\/\/mavericklodges.com\/de\/15-maerz-groesste-nationalfeiertag-ungarn\/\",\"url\":\"https:\/\/mavericklodges.com\/de\/15-maerz-groesste-nationalfeiertag-ungarn\/\",\"name\":\"15. M\u00e4rz | Ungarn Nationalfeiertag 2026 | Was Wissen Sie?\",\"isPartOf\":{\"@id\":\"https:\/\/mavericklodges.com\/de\/#website\"},\"primaryImageOfPage\":{\"@id\":\"https:\/\/mavericklodges.com\/de\/15-maerz-groesste-nationalfeiertag-ungarn\/#primaryimage\"},\"image\":{\"@id\":\"https:\/\/mavericklodges.com\/de\/15-maerz-groesste-nationalfeiertag-ungarn\/#primaryimage\"},\"thumbnailUrl\":\"https:\/\/mavericklodges.com\/wp-content\/uploads\/2024\/11\/national-day-hungary-fireworks.jpeg\",\"datePublished\":\"2026-01-02T15:02:00+00:00\",\"dateModified\":\"2026-01-13T14:34:46+00:00\",\"description\":\"Alles was Sie \u00fcber den BIG 15. M\u00e4rz Ungarischen Nationalfeiertag wissen m\u00fcssen. Ungarn feiern, dass die L\u00f6sung ist, zusammen zu kommen und es zu versuchen!\",\"breadcrumb\":{\"@id\":\"https:\/\/mavericklodges.com\/de\/15-maerz-groesste-nationalfeiertag-ungarn\/#breadcrumb\"},\"inLanguage\":\"de\",\"potentialAction\":[{\"@type\":\"ReadAction\",\"target\":[\"https:\/\/mavericklodges.com\/de\/15-maerz-groesste-nationalfeiertag-ungarn\/\"]}]},{\"@type\":\"ImageObject\",\"inLanguage\":\"de\",\"@id\":\"https:\/\/mavericklodges.com\/de\/15-maerz-groesste-nationalfeiertag-ungarn\/#primaryimage\",\"url\":\"https:\/\/mavericklodges.com\/wp-content\/uploads\/2024\/11\/national-day-hungary-fireworks.jpeg\",\"contentUrl\":\"https:\/\/mavericklodges.com\/wp-content\/uploads\/2024\/11\/national-day-hungary-fireworks.jpeg\",\"width\":760,\"height\":507,\"caption\":\"march-15-hungarian-national-holiday\"},{\"@type\":\"BreadcrumbList\",\"@id\":\"https:\/\/mavericklodges.com\/de\/15-maerz-groesste-nationalfeiertag-ungarn\/#breadcrumb\",\"itemListElement\":[{\"@type\":\"ListItem\",\"position\":1,\"name\":\"Home\",\"item\":\"https:\/\/mavericklodges.com\/de\/\"},{\"@type\":\"ListItem\",\"position\":2,\"name\":\"Der 15. M\u00e4rz, kurz gesagt; der gr\u00f6\u00dfte Nationalfeiertag in Ungarn\"}]},{\"@type\":\"WebSite\",\"@id\":\"https:\/\/mavericklodges.com\/de\/#website\",\"url\":\"https:\/\/mavericklodges.com\/de\/\",\"name\":\"Maverick Lodges\u2122\",\"description\":\"Book direct for best deals\",\"publisher\":{\"@id\":\"https:\/\/mavericklodges.com\/de\/#organization\"},\"potentialAction\":[{\"@type\":\"SearchAction\",\"target\":{\"@type\":\"EntryPoint\",\"urlTemplate\":\"https:\/\/mavericklodges.com\/de\/?s={search_term_string}\"},\"query-input\":{\"@type\":\"PropertyValueSpecification\",\"valueRequired\":true,\"valueName\":\"search_term_string\"}}],\"inLanguage\":\"de\"},{\"@type\":\"Organization\",\"@id\":\"https:\/\/mavericklodges.com\/de\/#organization\",\"name\":\"Maverick Lodges\u2122\",\"url\":\"https:\/\/mavericklodges.com\/de\/\",\"logo\":{\"@type\":\"ImageObject\",\"inLanguage\":\"de\",\"@id\":\"https:\/\/mavericklodges.com\/de\/#\/schema\/logo\/image\/\",\"url\":\"https:\/\/mavericklodges.com\/wp-content\/uploads\/2024\/08\/logo-black.png\",\"contentUrl\":\"https:\/\/mavericklodges.com\/wp-content\/uploads\/2024\/08\/logo-black.png\",\"width\":1616,\"height\":371,\"caption\":\"Maverick Lodges\u2122\"},\"image\":{\"@id\":\"https:\/\/mavericklodges.com\/de\/#\/schema\/logo\/image\/\"}},{\"@type\":\"Person\",\"@id\":\"https:\/\/mavericklodges.com\/de\/#\/schema\/person\/3de09887c4209b8d73c2809913370261\",\"name\":\"Ivan Palma\",\"image\":{\"@type\":\"ImageObject\",\"inLanguage\":\"de\",\"@id\":\"https:\/\/mavericklodges.com\/de\/#\/schema\/person\/image\/\",\"url\":\"https:\/\/secure.gravatar.com\/avatar\/ef1f6767d451e7f654b2e62d270a9e6ea7d55b989a0749bfe87d5023fe4ce605?s=96&d=mm&r=g\",\"contentUrl\":\"https:\/\/secure.gravatar.com\/avatar\/ef1f6767d451e7f654b2e62d270a9e6ea7d55b989a0749bfe87d5023fe4ce605?s=96&d=mm&r=g\",\"caption\":\"Ivan Palma\"}}]}<\/script>\n<!-- \/ Yoast SEO plugin. -->","yoast_head_json":{"title":"15. M\u00e4rz | Ungarn Nationalfeiertag 2026 | Was Wissen Sie?","description":"Alles was Sie \u00fcber den BIG 15. M\u00e4rz Ungarischen Nationalfeiertag wissen m\u00fcssen. Ungarn feiern, dass die L\u00f6sung ist, zusammen zu kommen und es zu versuchen!","robots":{"index":"index","follow":"follow","max-snippet":"max-snippet:-1","max-image-preview":"max-image-preview:large","max-video-preview":"max-video-preview:-1"},"canonical":"https:\/\/mavericklodges.com\/de\/15-maerz-groesste-nationalfeiertag-ungarn\/","og_locale":"de_DE","og_type":"article","og_title":"15. M\u00e4rz | Ungarn Nationalfeiertag 2026 | Was Wissen Sie?","og_description":"Alles was Sie \u00fcber den BIG 15. M\u00e4rz Ungarischen Nationalfeiertag wissen m\u00fcssen. Ungarn feiern, dass die L\u00f6sung ist, zusammen zu kommen und es zu versuchen!","og_url":"https:\/\/mavericklodges.com\/de\/15-maerz-groesste-nationalfeiertag-ungarn\/","og_site_name":"Maverick Lodges\u2122","article_published_time":"2026-01-02T15:02:00+00:00","article_modified_time":"2026-01-13T14:34:46+00:00","og_image":[{"width":760,"height":507,"url":"https:\/\/mavericklodges.com\/wp-content\/uploads\/2024\/11\/national-day-hungary-fireworks.jpeg","type":"image\/jpeg"}],"author":"Ivan Palma","twitter_card":"summary_large_image","twitter_misc":{"Verfasst von":"Ivan Palma","Gesch\u00e4tzte Lesezeit":"6\u00a0Minuten"},"schema":{"@context":"https:\/\/schema.org","@graph":[{"@type":"Article","@id":"https:\/\/mavericklodges.com\/de\/15-maerz-groesste-nationalfeiertag-ungarn\/#article","isPartOf":{"@id":"https:\/\/mavericklodges.com\/de\/15-maerz-groesste-nationalfeiertag-ungarn\/"},"author":{"name":"Ivan Palma","@id":"https:\/\/mavericklodges.com\/de\/#\/schema\/person\/3de09887c4209b8d73c2809913370261"},"headline":"Der 15. M\u00e4rz, kurz gesagt; der gr\u00f6\u00dfte Nationalfeiertag in Ungarn","datePublished":"2026-01-02T15:02:00+00:00","dateModified":"2026-01-13T14:34:46+00:00","mainEntityOfPage":{"@id":"https:\/\/mavericklodges.com\/de\/15-maerz-groesste-nationalfeiertag-ungarn\/"},"wordCount":1040,"publisher":{"@id":"https:\/\/mavericklodges.com\/de\/#organization"},"image":{"@id":"https:\/\/mavericklodges.com\/de\/15-maerz-groesste-nationalfeiertag-ungarn\/#primaryimage"},"thumbnailUrl":"https:\/\/mavericklodges.com\/wp-content\/uploads\/2024\/11\/national-day-hungary-fireworks.jpeg","articleSection":["Unkategorisiert"],"inLanguage":"de"},{"@type":"WebPage","@id":"https:\/\/mavericklodges.com\/de\/15-maerz-groesste-nationalfeiertag-ungarn\/","url":"https:\/\/mavericklodges.com\/de\/15-maerz-groesste-nationalfeiertag-ungarn\/","name":"15. M\u00e4rz | Ungarn Nationalfeiertag 2026 | Was Wissen Sie?","isPartOf":{"@id":"https:\/\/mavericklodges.com\/de\/#website"},"primaryImageOfPage":{"@id":"https:\/\/mavericklodges.com\/de\/15-maerz-groesste-nationalfeiertag-ungarn\/#primaryimage"},"image":{"@id":"https:\/\/mavericklodges.com\/de\/15-maerz-groesste-nationalfeiertag-ungarn\/#primaryimage"},"thumbnailUrl":"https:\/\/mavericklodges.com\/wp-content\/uploads\/2024\/11\/national-day-hungary-fireworks.jpeg","datePublished":"2026-01-02T15:02:00+00:00","dateModified":"2026-01-13T14:34:46+00:00","description":"Alles was Sie \u00fcber den BIG 15. M\u00e4rz Ungarischen Nationalfeiertag wissen m\u00fcssen. Ungarn feiern, dass die L\u00f6sung ist, zusammen zu kommen und es zu versuchen!","breadcrumb":{"@id":"https:\/\/mavericklodges.com\/de\/15-maerz-groesste-nationalfeiertag-ungarn\/#breadcrumb"},"inLanguage":"de","potentialAction":[{"@type":"ReadAction","target":["https:\/\/mavericklodges.com\/de\/15-maerz-groesste-nationalfeiertag-ungarn\/"]}]},{"@type":"ImageObject","inLanguage":"de","@id":"https:\/\/mavericklodges.com\/de\/15-maerz-groesste-nationalfeiertag-ungarn\/#primaryimage","url":"https:\/\/mavericklodges.com\/wp-content\/uploads\/2024\/11\/national-day-hungary-fireworks.jpeg","contentUrl":"https:\/\/mavericklodges.com\/wp-content\/uploads\/2024\/11\/national-day-hungary-fireworks.jpeg","width":760,"height":507,"caption":"march-15-hungarian-national-holiday"},{"@type":"BreadcrumbList","@id":"https:\/\/mavericklodges.com\/de\/15-maerz-groesste-nationalfeiertag-ungarn\/#breadcrumb","itemListElement":[{"@type":"ListItem","position":1,"name":"Home","item":"https:\/\/mavericklodges.com\/de\/"},{"@type":"ListItem","position":2,"name":"Der 15. M\u00e4rz, kurz gesagt; der gr\u00f6\u00dfte Nationalfeiertag in Ungarn"}]},{"@type":"WebSite","@id":"https:\/\/mavericklodges.com\/de\/#website","url":"https:\/\/mavericklodges.com\/de\/","name":"Maverick Lodges\u2122","description":"Book direct for best deals","publisher":{"@id":"https:\/\/mavericklodges.com\/de\/#organization"},"potentialAction":[{"@type":"SearchAction","target":{"@type":"EntryPoint","urlTemplate":"https:\/\/mavericklodges.com\/de\/?s={search_term_string}"},"query-input":{"@type":"PropertyValueSpecification","valueRequired":true,"valueName":"search_term_string"}}],"inLanguage":"de"},{"@type":"Organization","@id":"https:\/\/mavericklodges.com\/de\/#organization","name":"Maverick Lodges\u2122","url":"https:\/\/mavericklodges.com\/de\/","logo":{"@type":"ImageObject","inLanguage":"de","@id":"https:\/\/mavericklodges.com\/de\/#\/schema\/logo\/image\/","url":"https:\/\/mavericklodges.com\/wp-content\/uploads\/2024\/08\/logo-black.png","contentUrl":"https:\/\/mavericklodges.com\/wp-content\/uploads\/2024\/08\/logo-black.png","width":1616,"height":371,"caption":"Maverick Lodges\u2122"},"image":{"@id":"https:\/\/mavericklodges.com\/de\/#\/schema\/logo\/image\/"}},{"@type":"Person","@id":"https:\/\/mavericklodges.com\/de\/#\/schema\/person\/3de09887c4209b8d73c2809913370261","name":"Ivan Palma","image":{"@type":"ImageObject","inLanguage":"de","@id":"https:\/\/mavericklodges.com\/de\/#\/schema\/person\/image\/","url":"https:\/\/secure.gravatar.com\/avatar\/ef1f6767d451e7f654b2e62d270a9e6ea7d55b989a0749bfe87d5023fe4ce605?s=96&d=mm&r=g","contentUrl":"https:\/\/secure.gravatar.com\/avatar\/ef1f6767d451e7f654b2e62d270a9e6ea7d55b989a0749bfe87d5023fe4ce605?s=96&d=mm&r=g","caption":"Ivan Palma"}}]}},"_links":{"self":[{"href":"https:\/\/mavericklodges.com\/de\/wp-json\/wp\/v2\/posts\/1936","targetHints":{"allow":["GET"]}}],"collection":[{"href":"https:\/\/mavericklodges.com\/de\/wp-json\/wp\/v2\/posts"}],"about":[{"href":"https:\/\/mavericklodges.com\/de\/wp-json\/wp\/v2\/types\/post"}],"author":[{"embeddable":true,"href":"https:\/\/mavericklodges.com\/de\/wp-json\/wp\/v2\/users\/6"}],"replies":[{"embeddable":true,"href":"https:\/\/mavericklodges.com\/de\/wp-json\/wp\/v2\/comments?post=1936"}],"version-history":[{"count":2,"href":"https:\/\/mavericklodges.com\/de\/wp-json\/wp\/v2\/posts\/1936\/revisions"}],"predecessor-version":[{"id":6725,"href":"https:\/\/mavericklodges.com\/de\/wp-json\/wp\/v2\/posts\/1936\/revisions\/6725"}],"wp:featuredmedia":[{"embeddable":true,"href":"https:\/\/mavericklodges.com\/de\/wp-json\/wp\/v2\/media\/1329"}],"wp:attachment":[{"href":"https:\/\/mavericklodges.com\/de\/wp-json\/wp\/v2\/media?parent=1936"}],"wp:term":[{"taxonomy":"category","embeddable":true,"href":"https:\/\/mavericklodges.com\/de\/wp-json\/wp\/v2\/categories?post=1936"},{"taxonomy":"post_tag","embeddable":true,"href":"https:\/\/mavericklodges.com\/de\/wp-json\/wp\/v2\/tags?post=1936"}],"curies":[{"name":"wp","href":"https:\/\/api.w.org\/{rel}","templated":true}]}}