{"id":1836,"date":"2025-02-02T16:12:44","date_gmt":"2025-02-02T15:12:44","guid":{"rendered":"https:\/\/mavericklodges.com\/gourmet-festival-buda\/"},"modified":"2026-01-13T15:31:29","modified_gmt":"2026-01-13T14:31:29","slug":"festival-gourmet-buda","status":"publish","type":"post","link":"https:\/\/mavericklodges.com\/fr\/festival-gourmet-buda\/","title":{"rendered":"Festival Gourmet \u00e0 Buda"},"content":{"rendered":"\n<h2 class=\"wp-block-heading\"><strong>Festival Gourmet \u00e0 Buda (Millen\u00e1ris Park) &#8211; 4-7 juin<\/strong><\/h2>\n\n\n\n<p>Envie de gastronomie hongroise ? Vous r\u00eavez d&#8217;une cuisine raffin\u00e9e \u00e0 Budapest et de vignobles sur les collines hongroises ? Vous voulez aller au-del\u00e0 des couches de pommes de terre, du strudel et du poulet paprik\u00e1s ? Notez-le dans votre calendrier:\u00a0<strong>Du 4 au 7 juin 2026<\/strong>.<\/p>\n\n\n\n<p>Et suivez notre premier conseil&nbsp;<strong>d&#8217;expert<\/strong>&nbsp;: quelle que soit la qualit\u00e9 des stars internationales, vous profiterez au maximum de cet \u00e9v\u00e9nement extraordinaire si vous vous int\u00e9ressez aux h\u00e9ros locaux. Nous sommes l\u00e0 pour vous aider \u00e0 comprendre comment faire!<\/p>\n\n\n\n<h2 class=\"wp-block-heading\"><strong>Festival et Exposition du Gourmet, du 4 au 7 juin<\/strong><\/h2>\n\n\n\n<p>Les organisateurs n&#8217;auraient pas pu choisir un meilleur emplacement pour ce paradis annuel des gourmets &#8211; Millen\u00e1ris est le meilleur parc de la ville, transform\u00e9 en complexe industriel. (Le&nbsp;<strong>parc Millen\u00e1ris<\/strong>&nbsp;se trouve dans la rue L\u00f6v\u0151h\u00e1z, pr\u00e8s de la place Marczib\u00e1nyi, juste derri\u00e8re le centre commercial Mammut, \u00e0 deux pas de l&#8217;arr\u00eat de m\u00e9tro 2 Sz\u00e9ll K\u00e1lm\u00e1n Square, du c\u00f4t\u00e9 de Buda).<\/p>\n\n\n\n<p>C&#8217;est l&#8217;endroit id\u00e9al pour le gigantesque pique-nique du festival gastronomique, avec des confiseurs, des vignerons, des fromagers et des artisans glaciers partout. Cette ann\u00e9e, le festival a d\u00e9cid\u00e9 de mettre l&#8217;accent sur les \u00e9nergies f\u00e9minines, comme il l&#8217;a baptis\u00e9. Il r\u00e9unira les plus grands noms f\u00e9minins de diff\u00e9rents domaines: chefs, p\u00e2tissi\u00e8res, boulang\u00e8res et fabricants. D\u00e9couvrez leurs c\u00e9l\u00e8bres ambassadrices;<\/p>\n\n\n\n<p>Gabriella Orm\u00f3s<\/p>\n\n\n\n<p>Zs\u00f3ka Fekete<\/p>\n\n\n\n<p>Zsuzsanna \u00f6tv\u00f6s<\/p>\n\n\n\n<h2 class=\"wp-block-heading\"><strong>La bonne cuisine s&#8217;accompagne de gratuit\u00e9s<\/strong><\/h2>\n\n\n\n<p>Les tickets donnent droit \u00e0 des cadeaux originaux, comme des bouch\u00e9es de&nbsp;<strong>cuisine de rue<\/strong>, la possibilit\u00e9 de go\u00fbter du vin et de la bi\u00e8re, un verre \u00e0 vin et un m\u00e9lange d&#8217;\u00e9pices pour la cuisine de rue.<\/p>\n\n\n\n<p>En plus, faites vos courses ici pour trouver les&nbsp;<strong>meilleurs produits<\/strong>&nbsp;hongrois de la ville. Des ateliers, moyennant un petit suppl\u00e9ment, vous permettent de vous aventurer avec les pros.<\/p>\n\n\n\n<p><strong>Ticket<\/strong>&nbsp;journalier : 14 euros Pass 4 jours : 29 euros Lieu : Millen\u00e1ris Park (derri\u00e8re le centre commercial Mammut, pr\u00e8s de la station de m\u00e9tro 2 Place Sz\u00e9ll K\u00e1lm\u00e1n)<\/p>\n\n\n\n<p><strong>Information:<\/strong>&nbsp;<a href=\"https:\/\/gourmetfesztival.hu\/en\" target=\"_blank\" rel=\"noreferrer noopener\">https:\/\/gourmetfesztival.hu\/en<\/a>&nbsp;(Visitez le site officiel pour une liste compl\u00e8te des programmes, des ateliers, des animations pour les enfants, etc.)<\/p>\n\n\n\n<h2 class=\"wp-block-heading\"><strong>Week-end de printemps &#8220;Eleven&#8221;<\/strong><\/h2>\n\n\n\n<p>Si vous cherchez quelque chose de plus fringant et ind\u00e9pendant, arr\u00eatez-vous au Eleven (&#8220;Lively&#8221;) Week-end de printemps pr\u00e8s de&nbsp;<strong>Moricz Zsigmond Carr\u00e9<\/strong>&nbsp;&#8211; qui apporte litt\u00e9ralement une nouvelle vie \u00e0 son quartier verdoyant de Buda. Des galeries, des caf\u00e9s et des restaurants s&#8217;unissent pour vous pr\u00e9senter des expositions branch\u00e9es et toutes sortes de programmes culturels pendant deux jours.<\/p>\n\n\n\n<p>Des promenades guid\u00e9es explorent le quartier bord\u00e9 d&#8217;installations de rue et de l&#8217;incontournable foire aux bonbons artisanaux.<\/p>\n\n\n\n<p><strong>Conseil de pro:<\/strong>&nbsp;profitez-en pour d\u00e9couvrir les meilleurs caf\u00e9s du quartier, tels que:<\/p>\n\n\n\n<p><strong>Kelet<\/strong>&nbsp;(le nom signifie Est, alors ne manquez pas de go\u00fbter \u00e0 leur petite mais authentique cuisine du Moyen-Orient !) &#8211; 29 Bartok Bela rue Moha &#8211; 11 Bartok Bela ut<\/p>\n\n\n\n<p><strong>Tranzit Art Caf\u00e9 &amp; Bistro<\/strong>&nbsp;sur la place Kosztolanyi Dezso Lieu : Bartok Bela ut (pr\u00e8s de Moricz Zsigmond carr\u00e9 et de l&#8217;h\u00f4tel Gellert) Il peut \u00eatre ferm\u00e9 selon la saison de l&#8217;ann\u00e9e.<\/p>\n","protected":false},"excerpt":{"rendered":"<p>Festival Gourmet \u00e0 Buda (Millen\u00e1ris Park) &#8211; 4-7 juin Envie de gastronomie hongroise ? Vous r\u00eavez d&#8217;une cuisine raffin\u00e9e \u00e0 Budapest et de vignobles sur les collines hongroises ? Vous [&hellip;]<\/p>\n","protected":false},"author":6,"featured_media":1335,"comment_status":"closed","ping_status":"closed","sticky":false,"template":"","format":"standard","meta":{"_acf_changed":false,"_price":"","_stock":"","_tribe_ticket_header":"","_tribe_default_ticket_provider":"","_ticket_start_date":"","_ticket_end_date":"","_tribe_ticket_show_description":"","_tribe_ticket_show_not_going":false,"_tribe_ticket_use_global_stock":"","_tribe_ticket_global_stock_level":"","_global_stock_mode":"","_global_stock_cap":"","_tribe_rsvp_for_event":"","_tribe_ticket_going_count":"","_tribe_ticket_not_going_count":"","_tribe_tickets_list":"[]","_tribe_ticket_has_attendee_info_fields":false,"_EventAllDay":false,"_EventTimezone":"","_EventStartDate":"","_EventEndDate":"","_EventStartDateUTC":"","_EventEndDateUTC":"","_EventShowMap":false,"_EventShowMapLink":false,"_EventURL":"","_EventCost":"","_EventCostDescription":"","_EventCurrencySymbol":"","_EventCurrencyCode":"","_EventCurrencyPosition":"","_EventDateTimeSeparator":"","_EventTimeRangeSeparator":"","_EventOrganizerID":[],"_EventVenueID":[],"_OrganizerEmail":"","_OrganizerPhone":"","_OrganizerWebsite":"","_VenueAddress":"","_VenueCity":"","_VenueCountry":"","_VenueProvince":"","_VenueState":"","_VenueZip":"","_VenuePhone":"","_VenueURL":"","_VenueStateProvince":"","_VenueLat":"","_VenueLng":"","_VenueShowMap":false,"_VenueShowMapLink":false,"_tribe_blocks_recurrence_rules":"","_tribe_blocks_recurrence_description":"","_tribe_blocks_recurrence_exclusions":"","footnotes":""},"categories":[3],"tags":[],"class_list":["post-1836","post","type-post","status-publish","format-standard","has-post-thumbnail","hentry","category-non-classifiee"],"acf":[],"yoast_head":"<!-- This site is optimized with the Yoast SEO plugin v25.3 - https:\/\/yoast.com\/wordpress\/plugins\/seo\/ -->\n<title>Festival Gourmet \u00e0 Buda 2026<\/title>\n<meta name=\"description\" content=\"Vous r\u00eavez d&#039;une cuisine raffin\u00e9e \u00e0 Budapest et de vignobles hongrois \u00e0 flanc de colline? Vous voulez aller au-del\u00e0 des strudels et des paprik\u00e1s au poulet?\" \/>\n<meta name=\"robots\" content=\"index, follow, max-snippet:-1, max-image-preview:large, max-video-preview:-1\" \/>\n<link rel=\"canonical\" href=\"https:\/\/mavericklodges.com\/fr\/festival-gourmet-buda\/\" \/>\n<meta property=\"og:locale\" content=\"fr_FR\" \/>\n<meta property=\"og:type\" content=\"article\" \/>\n<meta property=\"og:title\" content=\"Festival Gourmet \u00e0 Buda 2026\" \/>\n<meta property=\"og:description\" content=\"Vous r\u00eavez d&#039;une cuisine raffin\u00e9e \u00e0 Budapest et de vignobles hongrois \u00e0 flanc de colline? Vous voulez aller au-del\u00e0 des strudels et des paprik\u00e1s au poulet?\" \/>\n<meta property=\"og:url\" content=\"https:\/\/mavericklodges.com\/fr\/festival-gourmet-buda\/\" \/>\n<meta property=\"og:site_name\" content=\"Maverick Lodges\u2122\" \/>\n<meta property=\"article:published_time\" content=\"2025-02-02T15:12:44+00:00\" \/>\n<meta property=\"article:modified_time\" content=\"2026-01-13T14:31:29+00:00\" \/>\n<meta property=\"og:image\" content=\"https:\/\/mavericklodges.com\/wp-content\/uploads\/2024\/11\/hungarian-food-gourmet-festival.jpeg\" \/>\n\t<meta property=\"og:image:width\" content=\"760\" \/>\n\t<meta property=\"og:image:height\" content=\"500\" \/>\n\t<meta property=\"og:image:type\" content=\"image\/jpeg\" \/>\n<meta name=\"author\" content=\"Ivan Palma\" \/>\n<meta name=\"twitter:card\" content=\"summary_large_image\" \/>\n<meta name=\"twitter:label1\" content=\"\u00c9crit par\" \/>\n\t<meta name=\"twitter:data1\" content=\"Ivan Palma\" \/>\n\t<meta name=\"twitter:label2\" content=\"Dur\u00e9e de lecture estim\u00e9e\" \/>\n\t<meta name=\"twitter:data2\" content=\"3 minutes\" \/>\n<script type=\"application\/ld+json\" class=\"yoast-schema-graph\">{\"@context\":\"https:\/\/schema.org\",\"@graph\":[{\"@type\":\"Article\",\"@id\":\"https:\/\/mavericklodges.com\/fr\/festival-gourmet-buda\/#article\",\"isPartOf\":{\"@id\":\"https:\/\/mavericklodges.com\/fr\/festival-gourmet-buda\/\"},\"author\":{\"name\":\"Ivan Palma\",\"@id\":\"https:\/\/mavericklodges.com\/fr\/#\/schema\/person\/3de09887c4209b8d73c2809913370261\"},\"headline\":\"Festival Gourmet \u00e0 Buda\",\"datePublished\":\"2025-02-02T15:12:44+00:00\",\"dateModified\":\"2026-01-13T14:31:29+00:00\",\"mainEntityOfPage\":{\"@id\":\"https:\/\/mavericklodges.com\/fr\/festival-gourmet-buda\/\"},\"wordCount\":584,\"publisher\":{\"@id\":\"https:\/\/mavericklodges.com\/fr\/#organization\"},\"image\":{\"@id\":\"https:\/\/mavericklodges.com\/fr\/festival-gourmet-buda\/#primaryimage\"},\"thumbnailUrl\":\"https:\/\/mavericklodges.com\/wp-content\/uploads\/2024\/11\/hungarian-food-gourmet-festival.jpeg\",\"articleSection\":[\"Non classifi\u00e9(e)\"],\"inLanguage\":\"fr-FR\"},{\"@type\":\"WebPage\",\"@id\":\"https:\/\/mavericklodges.com\/fr\/festival-gourmet-buda\/\",\"url\":\"https:\/\/mavericklodges.com\/fr\/festival-gourmet-buda\/\",\"name\":\"Festival Gourmet \u00e0 Buda 2026\",\"isPartOf\":{\"@id\":\"https:\/\/mavericklodges.com\/fr\/#website\"},\"primaryImageOfPage\":{\"@id\":\"https:\/\/mavericklodges.com\/fr\/festival-gourmet-buda\/#primaryimage\"},\"image\":{\"@id\":\"https:\/\/mavericklodges.com\/fr\/festival-gourmet-buda\/#primaryimage\"},\"thumbnailUrl\":\"https:\/\/mavericklodges.com\/wp-content\/uploads\/2024\/11\/hungarian-food-gourmet-festival.jpeg\",\"datePublished\":\"2025-02-02T15:12:44+00:00\",\"dateModified\":\"2026-01-13T14:31:29+00:00\",\"description\":\"Vous r\u00eavez d'une cuisine raffin\u00e9e \u00e0 Budapest et de vignobles hongrois \u00e0 flanc de colline? Vous voulez aller au-del\u00e0 des strudels et des paprik\u00e1s au poulet?\",\"breadcrumb\":{\"@id\":\"https:\/\/mavericklodges.com\/fr\/festival-gourmet-buda\/#breadcrumb\"},\"inLanguage\":\"fr-FR\",\"potentialAction\":[{\"@type\":\"ReadAction\",\"target\":[\"https:\/\/mavericklodges.com\/fr\/festival-gourmet-buda\/\"]}]},{\"@type\":\"ImageObject\",\"inLanguage\":\"fr-FR\",\"@id\":\"https:\/\/mavericklodges.com\/fr\/festival-gourmet-buda\/#primaryimage\",\"url\":\"https:\/\/mavericklodges.com\/wp-content\/uploads\/2024\/11\/hungarian-food-gourmet-festival.jpeg\",\"contentUrl\":\"https:\/\/mavericklodges.com\/wp-content\/uploads\/2024\/11\/hungarian-food-gourmet-festival.jpeg\",\"width\":760,\"height\":500,\"caption\":\"gourmet-festival-buda\"},{\"@type\":\"BreadcrumbList\",\"@id\":\"https:\/\/mavericklodges.com\/fr\/festival-gourmet-buda\/#breadcrumb\",\"itemListElement\":[{\"@type\":\"ListItem\",\"position\":1,\"name\":\"Home\",\"item\":\"https:\/\/mavericklodges.com\/fr\/\"},{\"@type\":\"ListItem\",\"position\":2,\"name\":\"Festival Gourmet \u00e0 Buda\"}]},{\"@type\":\"WebSite\",\"@id\":\"https:\/\/mavericklodges.com\/fr\/#website\",\"url\":\"https:\/\/mavericklodges.com\/fr\/\",\"name\":\"Maverick Lodges\u2122\",\"description\":\"Book direct for best deals\",\"publisher\":{\"@id\":\"https:\/\/mavericklodges.com\/fr\/#organization\"},\"potentialAction\":[{\"@type\":\"SearchAction\",\"target\":{\"@type\":\"EntryPoint\",\"urlTemplate\":\"https:\/\/mavericklodges.com\/fr\/?s={search_term_string}\"},\"query-input\":{\"@type\":\"PropertyValueSpecification\",\"valueRequired\":true,\"valueName\":\"search_term_string\"}}],\"inLanguage\":\"fr-FR\"},{\"@type\":\"Organization\",\"@id\":\"https:\/\/mavericklodges.com\/fr\/#organization\",\"name\":\"Maverick Lodges\u2122\",\"url\":\"https:\/\/mavericklodges.com\/fr\/\",\"logo\":{\"@type\":\"ImageObject\",\"inLanguage\":\"fr-FR\",\"@id\":\"https:\/\/mavericklodges.com\/fr\/#\/schema\/logo\/image\/\",\"url\":\"https:\/\/mavericklodges.com\/wp-content\/uploads\/2024\/08\/logo-black.png\",\"contentUrl\":\"https:\/\/mavericklodges.com\/wp-content\/uploads\/2024\/08\/logo-black.png\",\"width\":1616,\"height\":371,\"caption\":\"Maverick Lodges\u2122\"},\"image\":{\"@id\":\"https:\/\/mavericklodges.com\/fr\/#\/schema\/logo\/image\/\"}},{\"@type\":\"Person\",\"@id\":\"https:\/\/mavericklodges.com\/fr\/#\/schema\/person\/3de09887c4209b8d73c2809913370261\",\"name\":\"Ivan Palma\",\"image\":{\"@type\":\"ImageObject\",\"inLanguage\":\"fr-FR\",\"@id\":\"https:\/\/mavericklodges.com\/fr\/#\/schema\/person\/image\/\",\"url\":\"https:\/\/secure.gravatar.com\/avatar\/ef1f6767d451e7f654b2e62d270a9e6ea7d55b989a0749bfe87d5023fe4ce605?s=96&d=mm&r=g\",\"contentUrl\":\"https:\/\/secure.gravatar.com\/avatar\/ef1f6767d451e7f654b2e62d270a9e6ea7d55b989a0749bfe87d5023fe4ce605?s=96&d=mm&r=g\",\"caption\":\"Ivan Palma\"}}]}<\/script>\n<!-- \/ Yoast SEO plugin. -->","yoast_head_json":{"title":"Festival Gourmet \u00e0 Buda 2026","description":"Vous r\u00eavez d'une cuisine raffin\u00e9e \u00e0 Budapest et de vignobles hongrois \u00e0 flanc de colline? Vous voulez aller au-del\u00e0 des strudels et des paprik\u00e1s au poulet?","robots":{"index":"index","follow":"follow","max-snippet":"max-snippet:-1","max-image-preview":"max-image-preview:large","max-video-preview":"max-video-preview:-1"},"canonical":"https:\/\/mavericklodges.com\/fr\/festival-gourmet-buda\/","og_locale":"fr_FR","og_type":"article","og_title":"Festival Gourmet \u00e0 Buda 2026","og_description":"Vous r\u00eavez d'une cuisine raffin\u00e9e \u00e0 Budapest et de vignobles hongrois \u00e0 flanc de colline? Vous voulez aller au-del\u00e0 des strudels et des paprik\u00e1s au poulet?","og_url":"https:\/\/mavericklodges.com\/fr\/festival-gourmet-buda\/","og_site_name":"Maverick Lodges\u2122","article_published_time":"2025-02-02T15:12:44+00:00","article_modified_time":"2026-01-13T14:31:29+00:00","og_image":[{"width":760,"height":500,"url":"https:\/\/mavericklodges.com\/wp-content\/uploads\/2024\/11\/hungarian-food-gourmet-festival.jpeg","type":"image\/jpeg"}],"author":"Ivan Palma","twitter_card":"summary_large_image","twitter_misc":{"\u00c9crit par":"Ivan Palma","Dur\u00e9e de lecture estim\u00e9e":"3 minutes"},"schema":{"@context":"https:\/\/schema.org","@graph":[{"@type":"Article","@id":"https:\/\/mavericklodges.com\/fr\/festival-gourmet-buda\/#article","isPartOf":{"@id":"https:\/\/mavericklodges.com\/fr\/festival-gourmet-buda\/"},"author":{"name":"Ivan Palma","@id":"https:\/\/mavericklodges.com\/fr\/#\/schema\/person\/3de09887c4209b8d73c2809913370261"},"headline":"Festival Gourmet \u00e0 Buda","datePublished":"2025-02-02T15:12:44+00:00","dateModified":"2026-01-13T14:31:29+00:00","mainEntityOfPage":{"@id":"https:\/\/mavericklodges.com\/fr\/festival-gourmet-buda\/"},"wordCount":584,"publisher":{"@id":"https:\/\/mavericklodges.com\/fr\/#organization"},"image":{"@id":"https:\/\/mavericklodges.com\/fr\/festival-gourmet-buda\/#primaryimage"},"thumbnailUrl":"https:\/\/mavericklodges.com\/wp-content\/uploads\/2024\/11\/hungarian-food-gourmet-festival.jpeg","articleSection":["Non classifi\u00e9(e)"],"inLanguage":"fr-FR"},{"@type":"WebPage","@id":"https:\/\/mavericklodges.com\/fr\/festival-gourmet-buda\/","url":"https:\/\/mavericklodges.com\/fr\/festival-gourmet-buda\/","name":"Festival Gourmet \u00e0 Buda 2026","isPartOf":{"@id":"https:\/\/mavericklodges.com\/fr\/#website"},"primaryImageOfPage":{"@id":"https:\/\/mavericklodges.com\/fr\/festival-gourmet-buda\/#primaryimage"},"image":{"@id":"https:\/\/mavericklodges.com\/fr\/festival-gourmet-buda\/#primaryimage"},"thumbnailUrl":"https:\/\/mavericklodges.com\/wp-content\/uploads\/2024\/11\/hungarian-food-gourmet-festival.jpeg","datePublished":"2025-02-02T15:12:44+00:00","dateModified":"2026-01-13T14:31:29+00:00","description":"Vous r\u00eavez d'une cuisine raffin\u00e9e \u00e0 Budapest et de vignobles hongrois \u00e0 flanc de colline? Vous voulez aller au-del\u00e0 des strudels et des paprik\u00e1s au poulet?","breadcrumb":{"@id":"https:\/\/mavericklodges.com\/fr\/festival-gourmet-buda\/#breadcrumb"},"inLanguage":"fr-FR","potentialAction":[{"@type":"ReadAction","target":["https:\/\/mavericklodges.com\/fr\/festival-gourmet-buda\/"]}]},{"@type":"ImageObject","inLanguage":"fr-FR","@id":"https:\/\/mavericklodges.com\/fr\/festival-gourmet-buda\/#primaryimage","url":"https:\/\/mavericklodges.com\/wp-content\/uploads\/2024\/11\/hungarian-food-gourmet-festival.jpeg","contentUrl":"https:\/\/mavericklodges.com\/wp-content\/uploads\/2024\/11\/hungarian-food-gourmet-festival.jpeg","width":760,"height":500,"caption":"gourmet-festival-buda"},{"@type":"BreadcrumbList","@id":"https:\/\/mavericklodges.com\/fr\/festival-gourmet-buda\/#breadcrumb","itemListElement":[{"@type":"ListItem","position":1,"name":"Home","item":"https:\/\/mavericklodges.com\/fr\/"},{"@type":"ListItem","position":2,"name":"Festival Gourmet \u00e0 Buda"}]},{"@type":"WebSite","@id":"https:\/\/mavericklodges.com\/fr\/#website","url":"https:\/\/mavericklodges.com\/fr\/","name":"Maverick Lodges\u2122","description":"Book direct for best deals","publisher":{"@id":"https:\/\/mavericklodges.com\/fr\/#organization"},"potentialAction":[{"@type":"SearchAction","target":{"@type":"EntryPoint","urlTemplate":"https:\/\/mavericklodges.com\/fr\/?s={search_term_string}"},"query-input":{"@type":"PropertyValueSpecification","valueRequired":true,"valueName":"search_term_string"}}],"inLanguage":"fr-FR"},{"@type":"Organization","@id":"https:\/\/mavericklodges.com\/fr\/#organization","name":"Maverick Lodges\u2122","url":"https:\/\/mavericklodges.com\/fr\/","logo":{"@type":"ImageObject","inLanguage":"fr-FR","@id":"https:\/\/mavericklodges.com\/fr\/#\/schema\/logo\/image\/","url":"https:\/\/mavericklodges.com\/wp-content\/uploads\/2024\/08\/logo-black.png","contentUrl":"https:\/\/mavericklodges.com\/wp-content\/uploads\/2024\/08\/logo-black.png","width":1616,"height":371,"caption":"Maverick Lodges\u2122"},"image":{"@id":"https:\/\/mavericklodges.com\/fr\/#\/schema\/logo\/image\/"}},{"@type":"Person","@id":"https:\/\/mavericklodges.com\/fr\/#\/schema\/person\/3de09887c4209b8d73c2809913370261","name":"Ivan Palma","image":{"@type":"ImageObject","inLanguage":"fr-FR","@id":"https:\/\/mavericklodges.com\/fr\/#\/schema\/person\/image\/","url":"https:\/\/secure.gravatar.com\/avatar\/ef1f6767d451e7f654b2e62d270a9e6ea7d55b989a0749bfe87d5023fe4ce605?s=96&d=mm&r=g","contentUrl":"https:\/\/secure.gravatar.com\/avatar\/ef1f6767d451e7f654b2e62d270a9e6ea7d55b989a0749bfe87d5023fe4ce605?s=96&d=mm&r=g","caption":"Ivan Palma"}}]}},"_links":{"self":[{"href":"https:\/\/mavericklodges.com\/fr\/wp-json\/wp\/v2\/posts\/1836","targetHints":{"allow":["GET"]}}],"collection":[{"href":"https:\/\/mavericklodges.com\/fr\/wp-json\/wp\/v2\/posts"}],"about":[{"href":"https:\/\/mavericklodges.com\/fr\/wp-json\/wp\/v2\/types\/post"}],"author":[{"embeddable":true,"href":"https:\/\/mavericklodges.com\/fr\/wp-json\/wp\/v2\/users\/6"}],"replies":[{"embeddable":true,"href":"https:\/\/mavericklodges.com\/fr\/wp-json\/wp\/v2\/comments?post=1836"}],"version-history":[{"count":3,"href":"https:\/\/mavericklodges.com\/fr\/wp-json\/wp\/v2\/posts\/1836\/revisions"}],"predecessor-version":[{"id":11158,"href":"https:\/\/mavericklodges.com\/fr\/wp-json\/wp\/v2\/posts\/1836\/revisions\/11158"}],"wp:featuredmedia":[{"embeddable":true,"href":"https:\/\/mavericklodges.com\/fr\/wp-json\/wp\/v2\/media\/1335"}],"wp:attachment":[{"href":"https:\/\/mavericklodges.com\/fr\/wp-json\/wp\/v2\/media?parent=1836"}],"wp:term":[{"taxonomy":"category","embeddable":true,"href":"https:\/\/mavericklodges.com\/fr\/wp-json\/wp\/v2\/categories?post=1836"},{"taxonomy":"post_tag","embeddable":true,"href":"https:\/\/mavericklodges.com\/fr\/wp-json\/wp\/v2\/tags?post=1836"}],"curies":[{"name":"wp","href":"https:\/\/api.w.org\/{rel}","templated":true}]}}