{"id":8155,"date":"2025-06-30T12:10:48","date_gmt":"2025-06-30T10:10:48","guid":{"rendered":"https:\/\/mavericklodges.com\/maverick-new-opening-budapest-maverick-athenum\/"},"modified":"2025-07-01T08:36:40","modified_gmt":"2025-07-01T06:36:40","slug":"nouvelle-ouverture-maverick-budapest-maverick-athenaeum","status":"publish","type":"post","link":"https:\/\/mavericklodges.com\/fr\/nouvelle-ouverture-maverick-budapest-maverick-athenaeum\/","title":{"rendered":"Nouvelle ouverture de Maverick \u00e0 Budapest : Bienvenue au Maverick Athenaeum"},"content":{"rendered":"\n<h2 class=\"wp-block-heading\">Maverick Athenaeum<\/h2>\n\n\n\n<p>Lebowski Ltd. a \u00e9largi son offre d&#8217;hospitalit\u00e9 en faisant l&#8217;acquisition de l&#8217;un des b\u00e2timents les plus connus et les plus populaires de Budapest.<\/p>\n\n\n\n<p>\u00c0 partir de juin de cette ann\u00e9e, les clients pourront s\u00e9journer dans le tout nouveau Maverick Athenaeum, qui a retrouv\u00e9 sa splendeur d&#8217;antan et rejoint le groupe Lebowski, qui poss\u00e8de d\u00e9j\u00e0 trois auberges sous la marque Maverick : Maverick Budapest Soho, Maverick Downtown et Maverick Central Market, ainsi que le Boutique Hotel Leo, le Boutique Guest House Giselle et l&#8217;Amberlyn Hotel.<\/p>\n\n\n\n<h2 class=\"wp-block-heading\">Histoire de l&#8217;Athenum, le nouveau Maverick Athenaeum<\/h2>\n\n\n\n<p>Le nom de la nouvelle auberge du groupe Lebowski n&#8217;est pas une co\u00efncidence, mais un clin d&#8217;\u0153il et un hommage \u00e0 un lieu qui a jou\u00e9 un r\u00f4le actif dans l&#8217;histoire de Budapest pendant des ann\u00e9es.<\/p>\n\n\n\n<p>Pour comprendre l&#8217;ampleur et l&#8217;importance de cette acquisition, il est essentiel de conna\u00eetre l&#8217;histoire de l&#8217;Athenaeum.<\/p>\n\n\n\n<p>Ce b\u00e2timent embl\u00e9matique se trouve dans la rue R\u00e1k\u00f3czi, l&#8217;une des principales art\u00e8res de Budapest. Il se trouve \u00e9galement \u00e0 quelques pas des places Blaha Lujza et J\u00e1nos P\u00e1l p\u00e1pa, un endroit magnifique et paisible au c\u0153ur de Budapest.<\/p>\n\n\n\n<p>La statue de Pallas Ath\u00e9na, qui avait disparu apr\u00e8s la fin de la Seconde Guerre mondiale, symbolise \u00e0 nouveau ce b\u00e2timent, cr\u00e9\u00e9 comme un lieu de culture, d&#8217;unit\u00e9 et de communaut\u00e9. Aujourd&#8217;hui, du haut de son point culminant, Ath\u00e9na fait partie d&#8217;une architecture nationale et verra resurgir sa beaut\u00e9 et son importance, qui s&#8217;\u00e9taient estomp\u00e9es au cours des ann\u00e9es pass\u00e9es.<\/p>\n\n\n\n<p>D\u00e8s le milieu du XIXe si\u00e8cle, le b\u00e2timent de l&#8217;Ath\u00e9n\u00e9e a rempli sa fonction : il abritait la culture et servait de refuge \u00e0 ceux qui \u00e9taient intellectuellement agit\u00e9s et avides de connaissances. Il abritait l&#8217;Athenaeum Literary and Printing Industry Joint Stock Company, l&#8217;une des premi\u00e8res, sinon la premi\u00e8re, entreprises li\u00e9es \u00e0 la presse et aux technologies de l&#8217;information.<\/p>\n\n\n\n<p>Sa fonction principale \u00e9tant l&#8217;\u00e9dition de livres et de journaux, elle a connu un succ\u00e8s retentissant, devenant l&#8217;\u00e9picentre de la sc\u00e8ne culturelle de Budapest. La librairie d&#8217;Emich Guszt\u00e1v a publi\u00e9 jusqu&#8217;\u00e0 32 ouvrages au plus fort de la r\u00e9volution de 1848. Plus tard, d&#8217;autres \u00e9ditions de journaux ont \u00e9t\u00e9 publi\u00e9es, jusqu&#8217;\u00e0 25, ainsi que des magazines et de la propagande.<\/p>\n\n\n\n<p>Bien que la statue de Pallas Ath\u00e9na ait \u00e9t\u00e9 remplac\u00e9e par l&#8217;\u00e9toile rouge caract\u00e9ristique au milieu du XXe si\u00e8cle, en 1950, elle n&#8217;a pas longtemps couronn\u00e9 le b\u00e2timent de l&#8217;Ath\u00e9num et a \u00e9t\u00e9 retir\u00e9e six ans plus tard. Rien n&#8217;a pris sa place et, pendant des d\u00e9cennies, le b\u00e2timent est rest\u00e9 sans aucune sculpture, statue ou symbole.<\/p>\n\n\n\n<p>Con\u00e7u par \u00c1gost Krumholz et r\u00e9alis\u00e9 par le ma\u00eetre architecte S\u00e1ndor Hauszmann, le site Maverick Athenum vise \u00e0 redonner l&#8217;importance et la beaut\u00e9 qu&#8217;il m\u00e9rite \u00e0 un b\u00e2timent qui non seulement raconte l&#8217;histoire de Budapest, mais en a aussi \u00e9t\u00e9 un \u00e9l\u00e9ment fondamental.<\/p>\n\n\n\n<p>Il accueillera un peu plus de 400 personnes, r\u00e9parties dans diff\u00e9rents types de chambres. Il accueillera des centaines de voyageurs et continuera d&#8217;accueillir les esprits curieux et les visiteurs du monde entier, \u00e0 la recherche d&#8217;une capitale vivante, vibrante et dynamique.<\/p>\n\n\n\n<p>L&#8217;int\u00e9rieur est aussi remarquable que l&#8217;ext\u00e9rieur, avec de grands espaces ouverts, des espaces captivants qui raviront les yeux en qu\u00eate de beaut\u00e9, sans parler de l&#8217;architecture hypnotique qui, bien qu&#8217;en sommeil ou silencieuse pendant des ann\u00e9es, brille \u00e0 nouveau, devenant un lieu de culte et de beaut\u00e9 gr\u00e2ce au groupe Lebowski.<\/p>\n\n\n\n<p><em>\u00abApprendre du pass\u00e9, vivre le pr\u00e9sent et travailler pour l&#8217;avenir\u00bb.<\/em><\/p>\n\n\n\n<p>Audrey Farrell<\/p>\n","protected":false},"excerpt":{"rendered":"<p>Maverick Athenaeum Lebowski Ltd. a \u00e9largi son offre d&#8217;hospitalit\u00e9 en faisant l&#8217;acquisition de l&#8217;un des b\u00e2timents les plus connus et les plus populaires de Budapest. \u00c0 partir de juin de [&hellip;]<\/p>\n","protected":false},"author":6,"featured_media":4995,"comment_status":"closed","ping_status":"closed","sticky":false,"template":"","format":"standard","meta":{"_acf_changed":false,"_price":"","_stock":"","_tribe_ticket_header":"","_tribe_default_ticket_provider":"","_ticket_start_date":"","_ticket_end_date":"","_tribe_ticket_show_description":"","_tribe_ticket_show_not_going":false,"_tribe_ticket_use_global_stock":"","_tribe_ticket_global_stock_level":"","_global_stock_mode":"","_global_stock_cap":"","_tribe_rsvp_for_event":"","_tribe_ticket_going_count":"","_tribe_ticket_not_going_count":"","_tribe_tickets_list":"[]","_tribe_ticket_has_attendee_info_fields":false,"_EventAllDay":false,"_EventTimezone":"","_EventStartDate":"","_EventEndDate":"","_EventStartDateUTC":"","_EventEndDateUTC":"","_EventShowMap":false,"_EventShowMapLink":false,"_EventURL":"","_EventCost":"","_EventCostDescription":"","_EventCurrencySymbol":"","_EventCurrencyCode":"","_EventCurrencyPosition":"","_EventDateTimeSeparator":"","_EventTimeRangeSeparator":"","_EventOrganizerID":[],"_EventVenueID":[],"_OrganizerEmail":"","_OrganizerPhone":"","_OrganizerWebsite":"","_VenueAddress":"","_VenueCity":"","_VenueCountry":"","_VenueProvince":"","_VenueState":"","_VenueZip":"","_VenuePhone":"","_VenueURL":"","_VenueStateProvince":"","_VenueLat":"","_VenueLng":"","_VenueShowMap":false,"_VenueShowMapLink":false,"_tribe_blocks_recurrence_rules":"","_tribe_blocks_recurrence_description":"","_tribe_blocks_recurrence_exclusions":"","footnotes":""},"categories":[3],"tags":[],"class_list":["post-8155","post","type-post","status-publish","format-standard","has-post-thumbnail","hentry","category-non-classifiee"],"acf":[],"yoast_head":"<!-- This site is optimized with the Yoast SEO plugin v25.3 - https:\/\/yoast.com\/wordpress\/plugins\/seo\/ -->\n<title>Nouvelle ouverture de Maverick \u00e0 Budapest | Maverick Athenaeum<\/title>\n<meta name=\"description\" content=\"Voici tout ce que vous devez savoir sur le dernier-n\u00e9 du groupe Lebowski: Maverick Athenaeum, situ\u00e9 au c\u0153ur de Budapest.\" \/>\n<meta name=\"robots\" content=\"index, follow, max-snippet:-1, max-image-preview:large, max-video-preview:-1\" \/>\n<link rel=\"canonical\" href=\"https:\/\/mavericklodges.com\/fr\/nouvelle-ouverture-maverick-budapest-maverick-athenaeum\/\" \/>\n<meta property=\"og:locale\" content=\"fr_FR\" \/>\n<meta property=\"og:type\" content=\"article\" \/>\n<meta property=\"og:title\" content=\"Nouvelle ouverture de Maverick \u00e0 Budapest | Maverick Athenaeum\" \/>\n<meta property=\"og:description\" content=\"Voici tout ce que vous devez savoir sur le dernier-n\u00e9 du groupe Lebowski: Maverick Athenaeum, situ\u00e9 au c\u0153ur de Budapest.\" \/>\n<meta property=\"og:url\" content=\"https:\/\/mavericklodges.com\/fr\/nouvelle-ouverture-maverick-budapest-maverick-athenaeum\/\" \/>\n<meta property=\"og:site_name\" content=\"Maverick Lodges\u2122\" \/>\n<meta property=\"article:published_time\" content=\"2025-06-30T10:10:48+00:00\" \/>\n<meta property=\"article:modified_time\" content=\"2025-07-01T06:36:40+00:00\" \/>\n<meta property=\"og:image\" content=\"https:\/\/mavericklodges.com\/wp-content\/uploads\/2024\/11\/parliament-september-budapest-chocolate-festival-cultural-heritage.jpeg\" \/>\n\t<meta property=\"og:image:width\" content=\"1000\" \/>\n\t<meta property=\"og:image:height\" content=\"750\" \/>\n\t<meta property=\"og:image:type\" content=\"image\/jpeg\" \/>\n<meta name=\"author\" content=\"Ivan Palma\" \/>\n<meta name=\"twitter:card\" content=\"summary_large_image\" \/>\n<meta name=\"twitter:label1\" content=\"\u00c9crit par\" \/>\n\t<meta name=\"twitter:data1\" content=\"Ivan Palma\" \/>\n\t<meta name=\"twitter:label2\" content=\"Dur\u00e9e de lecture estim\u00e9e\" \/>\n\t<meta name=\"twitter:data2\" content=\"3 minutes\" \/>\n<script type=\"application\/ld+json\" class=\"yoast-schema-graph\">{\"@context\":\"https:\/\/schema.org\",\"@graph\":[{\"@type\":\"Article\",\"@id\":\"https:\/\/mavericklodges.com\/fr\/nouvelle-ouverture-maverick-budapest-maverick-athenaeum\/#article\",\"isPartOf\":{\"@id\":\"https:\/\/mavericklodges.com\/fr\/nouvelle-ouverture-maverick-budapest-maverick-athenaeum\/\"},\"author\":{\"name\":\"Ivan Palma\",\"@id\":\"https:\/\/mavericklodges.com\/fr\/#\/schema\/person\/3de09887c4209b8d73c2809913370261\"},\"headline\":\"Nouvelle ouverture de Maverick \u00e0 Budapest : Bienvenue au Maverick Athenaeum\",\"datePublished\":\"2025-06-30T10:10:48+00:00\",\"dateModified\":\"2025-07-01T06:36:40+00:00\",\"mainEntityOfPage\":{\"@id\":\"https:\/\/mavericklodges.com\/fr\/nouvelle-ouverture-maverick-budapest-maverick-athenaeum\/\"},\"wordCount\":662,\"publisher\":{\"@id\":\"https:\/\/mavericklodges.com\/fr\/#organization\"},\"image\":{\"@id\":\"https:\/\/mavericklodges.com\/fr\/nouvelle-ouverture-maverick-budapest-maverick-athenaeum\/#primaryimage\"},\"thumbnailUrl\":\"https:\/\/mavericklodges.com\/wp-content\/uploads\/2024\/11\/parliament-september-budapest-chocolate-festival-cultural-heritage.jpeg\",\"articleSection\":[\"Non classifi\u00e9(e)\"],\"inLanguage\":\"fr-FR\"},{\"@type\":\"WebPage\",\"@id\":\"https:\/\/mavericklodges.com\/fr\/nouvelle-ouverture-maverick-budapest-maverick-athenaeum\/\",\"url\":\"https:\/\/mavericklodges.com\/fr\/nouvelle-ouverture-maverick-budapest-maverick-athenaeum\/\",\"name\":\"Nouvelle ouverture de Maverick \u00e0 Budapest | Maverick Athenaeum\",\"isPartOf\":{\"@id\":\"https:\/\/mavericklodges.com\/fr\/#website\"},\"primaryImageOfPage\":{\"@id\":\"https:\/\/mavericklodges.com\/fr\/nouvelle-ouverture-maverick-budapest-maverick-athenaeum\/#primaryimage\"},\"image\":{\"@id\":\"https:\/\/mavericklodges.com\/fr\/nouvelle-ouverture-maverick-budapest-maverick-athenaeum\/#primaryimage\"},\"thumbnailUrl\":\"https:\/\/mavericklodges.com\/wp-content\/uploads\/2024\/11\/parliament-september-budapest-chocolate-festival-cultural-heritage.jpeg\",\"datePublished\":\"2025-06-30T10:10:48+00:00\",\"dateModified\":\"2025-07-01T06:36:40+00:00\",\"description\":\"Voici tout ce que vous devez savoir sur le dernier-n\u00e9 du groupe Lebowski: Maverick Athenaeum, situ\u00e9 au c\u0153ur de Budapest.\",\"breadcrumb\":{\"@id\":\"https:\/\/mavericklodges.com\/fr\/nouvelle-ouverture-maverick-budapest-maverick-athenaeum\/#breadcrumb\"},\"inLanguage\":\"fr-FR\",\"potentialAction\":[{\"@type\":\"ReadAction\",\"target\":[\"https:\/\/mavericklodges.com\/fr\/nouvelle-ouverture-maverick-budapest-maverick-athenaeum\/\"]}]},{\"@type\":\"ImageObject\",\"inLanguage\":\"fr-FR\",\"@id\":\"https:\/\/mavericklodges.com\/fr\/nouvelle-ouverture-maverick-budapest-maverick-athenaeum\/#primaryimage\",\"url\":\"https:\/\/mavericklodges.com\/wp-content\/uploads\/2024\/11\/parliament-september-budapest-chocolate-festival-cultural-heritage.jpeg\",\"contentUrl\":\"https:\/\/mavericklodges.com\/wp-content\/uploads\/2024\/11\/parliament-september-budapest-chocolate-festival-cultural-heritage.jpeg\",\"width\":1000,\"height\":750},{\"@type\":\"BreadcrumbList\",\"@id\":\"https:\/\/mavericklodges.com\/fr\/nouvelle-ouverture-maverick-budapest-maverick-athenaeum\/#breadcrumb\",\"itemListElement\":[{\"@type\":\"ListItem\",\"position\":1,\"name\":\"Home\",\"item\":\"https:\/\/mavericklodges.com\/fr\/\"},{\"@type\":\"ListItem\",\"position\":2,\"name\":\"Nouvelle ouverture de Maverick \u00e0 Budapest : Bienvenue au Maverick Athenaeum\"}]},{\"@type\":\"WebSite\",\"@id\":\"https:\/\/mavericklodges.com\/fr\/#website\",\"url\":\"https:\/\/mavericklodges.com\/fr\/\",\"name\":\"Maverick Lodges\u2122\",\"description\":\"Book direct for best deals\",\"publisher\":{\"@id\":\"https:\/\/mavericklodges.com\/fr\/#organization\"},\"potentialAction\":[{\"@type\":\"SearchAction\",\"target\":{\"@type\":\"EntryPoint\",\"urlTemplate\":\"https:\/\/mavericklodges.com\/fr\/?s={search_term_string}\"},\"query-input\":{\"@type\":\"PropertyValueSpecification\",\"valueRequired\":true,\"valueName\":\"search_term_string\"}}],\"inLanguage\":\"fr-FR\"},{\"@type\":\"Organization\",\"@id\":\"https:\/\/mavericklodges.com\/fr\/#organization\",\"name\":\"Maverick Lodges\u2122\",\"url\":\"https:\/\/mavericklodges.com\/fr\/\",\"logo\":{\"@type\":\"ImageObject\",\"inLanguage\":\"fr-FR\",\"@id\":\"https:\/\/mavericklodges.com\/fr\/#\/schema\/logo\/image\/\",\"url\":\"https:\/\/mavericklodges.com\/wp-content\/uploads\/2024\/08\/logo-black.png\",\"contentUrl\":\"https:\/\/mavericklodges.com\/wp-content\/uploads\/2024\/08\/logo-black.png\",\"width\":1616,\"height\":371,\"caption\":\"Maverick Lodges\u2122\"},\"image\":{\"@id\":\"https:\/\/mavericklodges.com\/fr\/#\/schema\/logo\/image\/\"}},{\"@type\":\"Person\",\"@id\":\"https:\/\/mavericklodges.com\/fr\/#\/schema\/person\/3de09887c4209b8d73c2809913370261\",\"name\":\"Ivan Palma\",\"image\":{\"@type\":\"ImageObject\",\"inLanguage\":\"fr-FR\",\"@id\":\"https:\/\/mavericklodges.com\/fr\/#\/schema\/person\/image\/\",\"url\":\"https:\/\/secure.gravatar.com\/avatar\/ef1f6767d451e7f654b2e62d270a9e6ea7d55b989a0749bfe87d5023fe4ce605?s=96&d=mm&r=g\",\"contentUrl\":\"https:\/\/secure.gravatar.com\/avatar\/ef1f6767d451e7f654b2e62d270a9e6ea7d55b989a0749bfe87d5023fe4ce605?s=96&d=mm&r=g\",\"caption\":\"Ivan Palma\"}}]}<\/script>\n<!-- \/ Yoast SEO plugin. -->","yoast_head_json":{"title":"Nouvelle ouverture de Maverick \u00e0 Budapest | Maverick Athenaeum","description":"Voici tout ce que vous devez savoir sur le dernier-n\u00e9 du groupe Lebowski: Maverick Athenaeum, situ\u00e9 au c\u0153ur de Budapest.","robots":{"index":"index","follow":"follow","max-snippet":"max-snippet:-1","max-image-preview":"max-image-preview:large","max-video-preview":"max-video-preview:-1"},"canonical":"https:\/\/mavericklodges.com\/fr\/nouvelle-ouverture-maverick-budapest-maverick-athenaeum\/","og_locale":"fr_FR","og_type":"article","og_title":"Nouvelle ouverture de Maverick \u00e0 Budapest | Maverick Athenaeum","og_description":"Voici tout ce que vous devez savoir sur le dernier-n\u00e9 du groupe Lebowski: Maverick Athenaeum, situ\u00e9 au c\u0153ur de Budapest.","og_url":"https:\/\/mavericklodges.com\/fr\/nouvelle-ouverture-maverick-budapest-maverick-athenaeum\/","og_site_name":"Maverick Lodges\u2122","article_published_time":"2025-06-30T10:10:48+00:00","article_modified_time":"2025-07-01T06:36:40+00:00","og_image":[{"width":1000,"height":750,"url":"https:\/\/mavericklodges.com\/wp-content\/uploads\/2024\/11\/parliament-september-budapest-chocolate-festival-cultural-heritage.jpeg","type":"image\/jpeg"}],"author":"Ivan Palma","twitter_card":"summary_large_image","twitter_misc":{"\u00c9crit par":"Ivan Palma","Dur\u00e9e de lecture estim\u00e9e":"3 minutes"},"schema":{"@context":"https:\/\/schema.org","@graph":[{"@type":"Article","@id":"https:\/\/mavericklodges.com\/fr\/nouvelle-ouverture-maverick-budapest-maverick-athenaeum\/#article","isPartOf":{"@id":"https:\/\/mavericklodges.com\/fr\/nouvelle-ouverture-maverick-budapest-maverick-athenaeum\/"},"author":{"name":"Ivan Palma","@id":"https:\/\/mavericklodges.com\/fr\/#\/schema\/person\/3de09887c4209b8d73c2809913370261"},"headline":"Nouvelle ouverture de Maverick \u00e0 Budapest : Bienvenue au Maverick Athenaeum","datePublished":"2025-06-30T10:10:48+00:00","dateModified":"2025-07-01T06:36:40+00:00","mainEntityOfPage":{"@id":"https:\/\/mavericklodges.com\/fr\/nouvelle-ouverture-maverick-budapest-maverick-athenaeum\/"},"wordCount":662,"publisher":{"@id":"https:\/\/mavericklodges.com\/fr\/#organization"},"image":{"@id":"https:\/\/mavericklodges.com\/fr\/nouvelle-ouverture-maverick-budapest-maverick-athenaeum\/#primaryimage"},"thumbnailUrl":"https:\/\/mavericklodges.com\/wp-content\/uploads\/2024\/11\/parliament-september-budapest-chocolate-festival-cultural-heritage.jpeg","articleSection":["Non classifi\u00e9(e)"],"inLanguage":"fr-FR"},{"@type":"WebPage","@id":"https:\/\/mavericklodges.com\/fr\/nouvelle-ouverture-maverick-budapest-maverick-athenaeum\/","url":"https:\/\/mavericklodges.com\/fr\/nouvelle-ouverture-maverick-budapest-maverick-athenaeum\/","name":"Nouvelle ouverture de Maverick \u00e0 Budapest | Maverick Athenaeum","isPartOf":{"@id":"https:\/\/mavericklodges.com\/fr\/#website"},"primaryImageOfPage":{"@id":"https:\/\/mavericklodges.com\/fr\/nouvelle-ouverture-maverick-budapest-maverick-athenaeum\/#primaryimage"},"image":{"@id":"https:\/\/mavericklodges.com\/fr\/nouvelle-ouverture-maverick-budapest-maverick-athenaeum\/#primaryimage"},"thumbnailUrl":"https:\/\/mavericklodges.com\/wp-content\/uploads\/2024\/11\/parliament-september-budapest-chocolate-festival-cultural-heritage.jpeg","datePublished":"2025-06-30T10:10:48+00:00","dateModified":"2025-07-01T06:36:40+00:00","description":"Voici tout ce que vous devez savoir sur le dernier-n\u00e9 du groupe Lebowski: Maverick Athenaeum, situ\u00e9 au c\u0153ur de Budapest.","breadcrumb":{"@id":"https:\/\/mavericklodges.com\/fr\/nouvelle-ouverture-maverick-budapest-maverick-athenaeum\/#breadcrumb"},"inLanguage":"fr-FR","potentialAction":[{"@type":"ReadAction","target":["https:\/\/mavericklodges.com\/fr\/nouvelle-ouverture-maverick-budapest-maverick-athenaeum\/"]}]},{"@type":"ImageObject","inLanguage":"fr-FR","@id":"https:\/\/mavericklodges.com\/fr\/nouvelle-ouverture-maverick-budapest-maverick-athenaeum\/#primaryimage","url":"https:\/\/mavericklodges.com\/wp-content\/uploads\/2024\/11\/parliament-september-budapest-chocolate-festival-cultural-heritage.jpeg","contentUrl":"https:\/\/mavericklodges.com\/wp-content\/uploads\/2024\/11\/parliament-september-budapest-chocolate-festival-cultural-heritage.jpeg","width":1000,"height":750},{"@type":"BreadcrumbList","@id":"https:\/\/mavericklodges.com\/fr\/nouvelle-ouverture-maverick-budapest-maverick-athenaeum\/#breadcrumb","itemListElement":[{"@type":"ListItem","position":1,"name":"Home","item":"https:\/\/mavericklodges.com\/fr\/"},{"@type":"ListItem","position":2,"name":"Nouvelle ouverture de Maverick \u00e0 Budapest : Bienvenue au Maverick Athenaeum"}]},{"@type":"WebSite","@id":"https:\/\/mavericklodges.com\/fr\/#website","url":"https:\/\/mavericklodges.com\/fr\/","name":"Maverick Lodges\u2122","description":"Book direct for best deals","publisher":{"@id":"https:\/\/mavericklodges.com\/fr\/#organization"},"potentialAction":[{"@type":"SearchAction","target":{"@type":"EntryPoint","urlTemplate":"https:\/\/mavericklodges.com\/fr\/?s={search_term_string}"},"query-input":{"@type":"PropertyValueSpecification","valueRequired":true,"valueName":"search_term_string"}}],"inLanguage":"fr-FR"},{"@type":"Organization","@id":"https:\/\/mavericklodges.com\/fr\/#organization","name":"Maverick Lodges\u2122","url":"https:\/\/mavericklodges.com\/fr\/","logo":{"@type":"ImageObject","inLanguage":"fr-FR","@id":"https:\/\/mavericklodges.com\/fr\/#\/schema\/logo\/image\/","url":"https:\/\/mavericklodges.com\/wp-content\/uploads\/2024\/08\/logo-black.png","contentUrl":"https:\/\/mavericklodges.com\/wp-content\/uploads\/2024\/08\/logo-black.png","width":1616,"height":371,"caption":"Maverick Lodges\u2122"},"image":{"@id":"https:\/\/mavericklodges.com\/fr\/#\/schema\/logo\/image\/"}},{"@type":"Person","@id":"https:\/\/mavericklodges.com\/fr\/#\/schema\/person\/3de09887c4209b8d73c2809913370261","name":"Ivan Palma","image":{"@type":"ImageObject","inLanguage":"fr-FR","@id":"https:\/\/mavericklodges.com\/fr\/#\/schema\/person\/image\/","url":"https:\/\/secure.gravatar.com\/avatar\/ef1f6767d451e7f654b2e62d270a9e6ea7d55b989a0749bfe87d5023fe4ce605?s=96&d=mm&r=g","contentUrl":"https:\/\/secure.gravatar.com\/avatar\/ef1f6767d451e7f654b2e62d270a9e6ea7d55b989a0749bfe87d5023fe4ce605?s=96&d=mm&r=g","caption":"Ivan Palma"}}]}},"_links":{"self":[{"href":"https:\/\/mavericklodges.com\/fr\/wp-json\/wp\/v2\/posts\/8155","targetHints":{"allow":["GET"]}}],"collection":[{"href":"https:\/\/mavericklodges.com\/fr\/wp-json\/wp\/v2\/posts"}],"about":[{"href":"https:\/\/mavericklodges.com\/fr\/wp-json\/wp\/v2\/types\/post"}],"author":[{"embeddable":true,"href":"https:\/\/mavericklodges.com\/fr\/wp-json\/wp\/v2\/users\/6"}],"replies":[{"embeddable":true,"href":"https:\/\/mavericklodges.com\/fr\/wp-json\/wp\/v2\/comments?post=8155"}],"version-history":[{"count":3,"href":"https:\/\/mavericklodges.com\/fr\/wp-json\/wp\/v2\/posts\/8155\/revisions"}],"predecessor-version":[{"id":8469,"href":"https:\/\/mavericklodges.com\/fr\/wp-json\/wp\/v2\/posts\/8155\/revisions\/8469"}],"wp:featuredmedia":[{"embeddable":true,"href":"https:\/\/mavericklodges.com\/fr\/wp-json\/wp\/v2\/media\/4995"}],"wp:attachment":[{"href":"https:\/\/mavericklodges.com\/fr\/wp-json\/wp\/v2\/media?parent=8155"}],"wp:term":[{"taxonomy":"category","embeddable":true,"href":"https:\/\/mavericklodges.com\/fr\/wp-json\/wp\/v2\/categories?post=8155"},{"taxonomy":"post_tag","embeddable":true,"href":"https:\/\/mavericklodges.com\/fr\/wp-json\/wp\/v2\/tags?post=8155"}],"curies":[{"name":"wp","href":"https:\/\/api.w.org\/{rel}","templated":true}]}}