{"id":2038,"date":"2026-01-02T16:02:00","date_gmt":"2026-01-02T15:02:00","guid":{"rendered":"https:\/\/mavericklodges.com\/march-15-hungarian-national-holiday\/"},"modified":"2025-03-31T10:42:24","modified_gmt":"2025-03-31T08:42:24","slug":"15-marzo-festa-nazionale-ungheria","status":"publish","type":"post","link":"https:\/\/mavericklodges.com\/it\/15-marzo-festa-nazionale-ungheria\/","title":{"rendered":"15 di marzo, in poche parole; la festa nazionale pi\u00f9 grande d\u2019Ungheria"},"content":{"rendered":"\n<p>Perch\u00e9 si dovrebbe festeggiare una nobile causa che fu un enorme fracasso? Come possiamo partecipare senza ferire i sentimenti della gente locale? Qual\u2019\u00e8 il tuo pensiero dopo aver letto questa pubblicazione? E cosa ha a che vedere tutto ci\u00f3 con la birra? Tutto quello che devi sapere sulle GRANDI\u00a0<strong>feste nazionali del 15 di marzo in Ungheria 202<\/strong>6.<\/p>\n\n\n\n<h2 class=\"wp-block-heading\">Cosa si festeggia il 15 marzo &#8211; la festa nazionale ungherese?<\/h2>\n\n\n\n<p>Supponiamo che hai vissuto in un paese che perse tutte le guerre durante gli ultimi cinquecento anni, e che la maggior parte del tempo \u00e8 stato occupato da paesi pi\u00f9 grandi: durante le feste nazionali, vuoi ancora festeggiare qualcosa, vero? Per noi ungheresi, la soluzione \u00e8 riunirci e festeggiare i momenti della storia, quando almeno ci abbiamo provato.<\/p>\n\n\n\n<p>Poich\u00e9 il risultato fu abbastanza simile, puoi distinguere queste occasioni dal vecino gentile al quale Ungheria celebra aversi ribellato: in autunno, gli ungheresi festeggiano la fallita rivoluzione del 1956 contro l\u2019Unione Sovietica, e proprio a met\u00e0 marzo, la ribellione contro gli Asburgo (1848-49).<\/p>\n\n\n\n<p><\/p>\n\n\n\n<figure class=\"wp-block-image aligncenter size-large\"><img loading=\"lazy\" decoding=\"async\" width=\"760\" height=\"507\" src=\"https:\/\/mavericklodges.com\/wp-content\/uploads\/2024\/11\/liberty-statue-budapest-march-15-hungarian-national-holiday.jpeg?_t=1731334353\" alt=\"\" class=\"wp-image-1621\" srcset=\"https:\/\/mavericklodges.com\/wp-content\/uploads\/2024\/11\/liberty-statue-budapest-march-15-hungarian-national-holiday.jpeg 760w, https:\/\/mavericklodges.com\/wp-content\/uploads\/2024\/11\/liberty-statue-budapest-march-15-hungarian-national-holiday-300x200.jpeg 300w\" sizes=\"auto, (max-width: 760px) 100vw, 760px\" \/><\/figure>\n\n\n\n<p>E nonostante gli ungheresi ne uscirono sconfitti, i loro generali e soldati meritano un elogio per essersi cimentati in un\u2019impresa cos\u00ec ardua. Art\u00far G\u00f6rgei, il brillante chimico che divent\u00f2 generale e che si arrese nel 1849, fu spesso dipinto come un traditore per essersi &#8220;arreso&#8221;; in realt\u00e0, fu grazie al suo genio strategico che gli ungheresi resistettero cos\u00ec a lungo.<\/p>\n\n\n\n<p>Un momento chiave che merita di essere ricordato durante la rivoluzione del 1848 fu quando i leader presentarono una lista di richieste: si tratta dei famosi &#8220;12 punti\u201d, che garantirono la vittoria del Partito progressista alle elezioni.<\/p>\n\n\n\n<h2 class=\"wp-block-heading\">Cosa ha a che fare tutto ci\u00f3 con la birra?<\/h2>\n\n\n\n<p>La leggenda narra che gli austriaci abbiano fatto \u201ccin cin\u201d con i calici di birra per festeggiare l&#8217;esecuzione dei generali ungheresi. Gli ungheresi, indispettiti, hanno dunque promesso che non avrebbero pi\u00f9 fatto \u201ccin cin\u201d per i 150 anni seguenti (fino al 1999!), senza per\u00f2 mantenere fede alla promessa.<\/p>\n\n\n\n<p>Il 1999 rappresenta quindi un importante momento di svolta per i pub ungheresi, perch\u00e9 hanno finalmente potuto riprendere a fare \u201ccin cin\u201d senza sensi di colpa. Alcuni fanatici tuttora si rifiutano di farlo, quindi non stupirti se alcuni abitanti del posto non sono propensi a farlo!<\/p>\n\n\n\n<figure class=\"wp-block-image aligncenter size-large\"><img loading=\"lazy\" decoding=\"async\" width=\"760\" height=\"507\" src=\"https:\/\/mavericklodges.com\/wp-content\/uploads\/2024\/11\/beer-march-15-hungarian-national-holiday.jpeg?_t=1731334470\" alt=\"\" class=\"wp-image-1620\" srcset=\"https:\/\/mavericklodges.com\/wp-content\/uploads\/2024\/11\/beer-march-15-hungarian-national-holiday.jpeg 760w, https:\/\/mavericklodges.com\/wp-content\/uploads\/2024\/11\/beer-march-15-hungarian-national-holiday-300x200.jpeg 300w\" sizes=\"auto, (max-width: 760px) 100vw, 760px\" \/><\/figure>\n\n\n\n<h2 class=\"wp-block-heading\">Quindi \u00e8 un argomento sensibile?<\/h2>\n\n\n\n<p>Aneddoto della birra a parte, no. Nonostante il risultato negativo (un vero e proprio fracasso), \u00e8 passato un po\u2019 di tempo dal 1848. Oggigiorno la connessione con i fatti storici si \u00e8 un po\u2019 persa tra i giovani, e molti associano quest\u2019occasione con noiosi festeggiamenti a scuola.<\/p>\n\n\n\n<p>Farsi un giro durante il 15 Marzo &#8211; cos\u00ec come ogni altro giorno &#8211; \u00e8 un\u2019ottima occasione per conoscere gente del posto. Probabilmente incrocerai molte persone con una spilla rossa, bianca e verde (i colori della bandiera ungherese) in memoria dell\u2019accaduto.<\/p>\n\n\n\n<figure class=\"wp-block-image aligncenter size-large\"><img loading=\"lazy\" decoding=\"async\" width=\"650\" height=\"458\" src=\"https:\/\/mavericklodges.com\/wp-content\/uploads\/2024\/11\/opera-house-march-15-hungarian-national-holiday.png?_t=1731334487\" alt=\"\" class=\"wp-image-1622\" srcset=\"https:\/\/mavericklodges.com\/wp-content\/uploads\/2024\/11\/opera-house-march-15-hungarian-national-holiday.png 650w, https:\/\/mavericklodges.com\/wp-content\/uploads\/2024\/11\/opera-house-march-15-hungarian-national-holiday-300x211.png 300w\" sizes=\"auto, (max-width: 650px) 100vw, 650px\" \/><\/figure>\n\n\n\n<h2 class=\"wp-block-heading\">Come vestirsi per il festival?<\/h2>\n\n\n\n<p>Il tempo a Marzo \u00e8 imprevedibile (non per niente si dice \u201cmarzo pazzerello\u201d)! A Marzo del 2013, per esempio, c\u2019\u00e8 stata una tempesta, quindi assicurati di aggiungere una giacca extra in valigia prima di partire!<\/p>\n\n\n\n<h2 class=\"wp-block-heading\">Quali sono le attivit\u00e0 previste per quest\u2019anno 2026?<\/h2>\n\n\n\n<p>I festeggiamenti inizieranno alle 9:00 in Piazza Kossuth (davanti al Parlamento) e proseguiranno nel giardino del Museo Nazionale Ungherese e nel Castello di Buda.<\/p>\n\n\n\n<p>Tutte le attivit\u00e0 sono gratuite! Troverai:<\/p>\n\n\n\n<p>Laboratori artigianali<\/p>\n\n\n\n<p>Lezioni di danza popolare e concerti folcloristici<\/p>\n\n\n\n<p>Bancarelle di Street Food per degustare le specialit\u00e0 tipiche ungheresi come langos, k\u00fcrt\u00f6s kal\u00e1cs ecc.<\/p>\n\n\n\n<p>Cavalli e pony<\/p>\n\n\n\n<figure class=\"wp-block-image aligncenter size-large\"><img loading=\"lazy\" decoding=\"async\" width=\"800\" height=\"608\" src=\"https:\/\/mavericklodges.com\/wp-content\/uploads\/2024\/11\/activities-museum-march-15-hungarian-national-holiday.jpeg?_t=1731334933\" alt=\"\" class=\"wp-image-1619\" srcset=\"https:\/\/mavericklodges.com\/wp-content\/uploads\/2024\/11\/activities-museum-march-15-hungarian-national-holiday.jpeg 800w, https:\/\/mavericklodges.com\/wp-content\/uploads\/2024\/11\/activities-museum-march-15-hungarian-national-holiday-300x228.jpeg 300w, https:\/\/mavericklodges.com\/wp-content\/uploads\/2024\/11\/activities-museum-march-15-hungarian-national-holiday-768x584.jpeg 768w\" sizes=\"auto, (max-width: 800px) 100vw, 800px\" \/><\/figure>\n\n\n\n<p>E se dopo un po\u2019 ti viene voglia di prenderti una pausa dalla musica e goderti un po\u2019 di silenzio, allora non pu\u00f2 mancare una visita al Museo Nazionale Ungherese: l&#8217;ingresso \u00e8 normalmente di 7\u20ac circa, ma per questa occasione \u00e8 gratuito!<\/p>\n\n\n\n<p>Il festival inoltre \u00e8 perfetto anche per le famiglie, perch\u00e8 al Fishermen\u2019s Bastion &#8211; Statua di Santo Stefano (Szenth\u00e1roms\u00e1g Sqr.), a pochi km dal Museo Nazionale, \u00e8 possibile assistere a concerti e spettacoli per bambini.<\/p>\n\n\n\n<p>E per un assaggio della cucina locale \u00e8 d\u2019obbligo una tappa al Castello di Buda, l&#8217;altro nucleo delle celebrazioni, dove potrai provare zuppe fatte in casa, stufati, torte e pasticcini. L\u2019unico accorgimento riguarda la politica: trattandosi di una festa nazionale, i partiti politici di solito sfruttano quest\u2019occasione per cercare di guadagnare voti.<\/p>\n\n\n\n<h2 class=\"wp-block-heading\">La maggior parte dei negozi saranno chiusi?<\/h2>\n\n\n\n<p>S\u00ed, perch\u00e8 si tratta di una festa nazionale, ma i bar e i ristoranti del centro di solito rimangono aperti. La cosa migliore comunque \u00e8 fare shopping il giorno prima. Per maggiori informazioni chiedi alla reception del\u00a0<a href=\"https:\/\/mavericklodges.com\/it\/hostel\/budapest-soho\/\" target=\"_blank\" rel=\"noreferrer noopener\">Maverick Soho<\/a>! Tieni a mente che anche l\u2019orario dei trasporti pubblici potrebbe essere soggetto a variazioni!<\/p>\n\n\n\n<h2 class=\"wp-block-heading\">Lo sapevi che&#8230;?<\/h2>\n\n\n\n<p>L&#8217;Ungheria \u00e8 l&#8217;unico paese in Europa che ha conservato, quasi per intero, un insieme di insegne di incoronazione create durante il Medioevo. Ebbene s\u00ec, il 15 Marzo di solito i visitatori possono vedere gratuitamente la sacra corona di Santo Stefano, che si trova nel Parlamento. Sulla collina del castello si svolgono anche manifestazioni a carattere familiare ed \u00e8 possibile trovare anche diversi musei.<\/p>\n\n\n\n<figure class=\"wp-block-image aligncenter size-large\"><img loading=\"lazy\" decoding=\"async\" width=\"764\" height=\"580\" src=\"https:\/\/mavericklodges.com\/wp-content\/uploads\/2024\/11\/stephen-crown-march-15-hungarian-national-holiday.jpeg?_t=1731334948\" alt=\"\" class=\"wp-image-1623\" srcset=\"https:\/\/mavericklodges.com\/wp-content\/uploads\/2024\/11\/stephen-crown-march-15-hungarian-national-holiday.jpeg 764w, https:\/\/mavericklodges.com\/wp-content\/uploads\/2024\/11\/stephen-crown-march-15-hungarian-national-holiday-300x228.jpeg 300w\" sizes=\"auto, (max-width: 764px) 100vw, 764px\" \/><\/figure>\n\n\n\n<h2 class=\"wp-block-heading\">Come posso lasciare a bocca aperta i miei amici ungheresi senza leggere interi libri sull\u2019argomento?<\/h2>\n\n\n\n<ol class=\"wp-block-list\">\n<li>Il giovane imperatore che pose fine alla lotta per la libert\u00e0 e giustizi\u00f2 i generali ungheresi per dare esempio una volta per tutte, inizi\u00f2 la Prima Guerra Mondiale oltre mezzo secolo dopo. Grazie mille, Franz Joseph!<\/li>\n\n\n\n<li>L\u2019eroe polacco della lotta ungherese per la libert\u00e0, il generale Bem, fugg\u00ec in Turchia ed evit\u00f2 l\u2019estradizione convertendosi all\u2019Islam ed accettando un lavoro nell\u2019esercito ottomano. Mor\u00ec ad Aleppo (attuale Siria) con il nome di Murat Pasha.<\/li>\n\n\n\n<li>Oggigiorno l\u2019elegante cittadella Gell\u00e9rt Hill \u00e8 una prestigiosa meta turistica nel centro, e fu costruita dagli austriaci dopo la lotta per la libert\u00e0 per ricordare agli ungheresi di non osare mai pi\u00f9 ribellarsi.<\/li>\n<\/ol>\n","protected":false},"excerpt":{"rendered":"<p>Perch\u00e9 si dovrebbe festeggiare una nobile causa che fu un enorme fracasso? Come possiamo partecipare senza ferire i sentimenti della gente locale? Qual\u2019\u00e8 il tuo pensiero dopo aver letto questa [&hellip;]<\/p>\n","protected":false},"author":6,"featured_media":1329,"comment_status":"closed","ping_status":"closed","sticky":false,"template":"","format":"standard","meta":{"_acf_changed":false,"_price":"","_stock":"","_tribe_ticket_header":"","_tribe_default_ticket_provider":"","_ticket_start_date":"","_ticket_end_date":"","_tribe_ticket_show_description":"","_tribe_ticket_show_not_going":false,"_tribe_ticket_use_global_stock":"","_tribe_ticket_global_stock_level":"","_global_stock_mode":"","_global_stock_cap":"","_tribe_rsvp_for_event":"","_tribe_ticket_going_count":"","_tribe_ticket_not_going_count":"","_tribe_tickets_list":"[]","_tribe_ticket_has_attendee_info_fields":false,"_EventAllDay":false,"_EventTimezone":"","_EventStartDate":"","_EventEndDate":"","_EventStartDateUTC":"","_EventEndDateUTC":"","_EventShowMap":false,"_EventShowMapLink":false,"_EventURL":"","_EventCost":"","_EventCostDescription":"","_EventCurrencySymbol":"","_EventCurrencyCode":"","_EventCurrencyPosition":"","_EventDateTimeSeparator":"","_EventTimeRangeSeparator":"","_EventOrganizerID":[],"_EventVenueID":[],"_OrganizerEmail":"","_OrganizerPhone":"","_OrganizerWebsite":"","_VenueAddress":"","_VenueCity":"","_VenueCountry":"","_VenueProvince":"","_VenueState":"","_VenueZip":"","_VenuePhone":"","_VenueURL":"","_VenueStateProvince":"","_VenueLat":"","_VenueLng":"","_VenueShowMap":false,"_VenueShowMapLink":false,"_tribe_blocks_recurrence_rules":"","_tribe_blocks_recurrence_description":"","_tribe_blocks_recurrence_exclusions":"","footnotes":""},"categories":[5],"tags":[],"class_list":["post-2038","post","type-post","status-publish","format-standard","has-post-thumbnail","hentry","category-non-categorizzato"],"acf":[],"yoast_head":"<!-- This site is optimized with the Yoast SEO plugin v25.3 - https:\/\/yoast.com\/wordpress\/plugins\/seo\/ -->\n<title>15 di Marzo | La Festa nazionale pi\u00f9 Grande d\u2019Ungheria 2026<\/title>\n<meta name=\"description\" content=\"Tutto quello che devi sapere sulla GRANDE festa nazionale ungherese del 15 marzo. Gli ungheresi celebrano che la soluzione e provare!\" \/>\n<meta name=\"robots\" content=\"index, follow, max-snippet:-1, max-image-preview:large, max-video-preview:-1\" \/>\n<link rel=\"canonical\" href=\"https:\/\/mavericklodges.com\/it\/15-marzo-festa-nazionale-ungheria\/\" \/>\n<meta property=\"og:locale\" content=\"it_IT\" \/>\n<meta property=\"og:type\" content=\"article\" \/>\n<meta property=\"og:title\" content=\"15 di Marzo | La Festa nazionale pi\u00f9 Grande d\u2019Ungheria 2026\" \/>\n<meta property=\"og:description\" content=\"Tutto quello che devi sapere sulla GRANDE festa nazionale ungherese del 15 marzo. Gli ungheresi celebrano che la soluzione e provare!\" \/>\n<meta property=\"og:url\" content=\"https:\/\/mavericklodges.com\/it\/15-marzo-festa-nazionale-ungheria\/\" \/>\n<meta property=\"og:site_name\" content=\"Maverick Lodges\u2122\" \/>\n<meta property=\"article:published_time\" content=\"2026-01-02T15:02:00+00:00\" \/>\n<meta property=\"og:image\" content=\"https:\/\/mavericklodges.com\/wp-content\/uploads\/2024\/11\/national-day-hungary-fireworks.jpeg\" \/>\n\t<meta property=\"og:image:width\" content=\"760\" \/>\n\t<meta property=\"og:image:height\" content=\"507\" \/>\n\t<meta property=\"og:image:type\" content=\"image\/jpeg\" \/>\n<meta name=\"author\" content=\"Ivan Palma\" \/>\n<meta name=\"twitter:card\" content=\"summary_large_image\" \/>\n<meta name=\"twitter:label1\" content=\"Scritto da\" \/>\n\t<meta name=\"twitter:data1\" content=\"Ivan Palma\" \/>\n\t<meta name=\"twitter:label2\" content=\"Tempo di lettura stimato\" \/>\n\t<meta name=\"twitter:data2\" content=\"6 minuti\" \/>\n<script type=\"application\/ld+json\" class=\"yoast-schema-graph\">{\"@context\":\"https:\/\/schema.org\",\"@graph\":[{\"@type\":\"Article\",\"@id\":\"https:\/\/mavericklodges.com\/it\/15-marzo-festa-nazionale-ungheria\/#article\",\"isPartOf\":{\"@id\":\"https:\/\/mavericklodges.com\/it\/15-marzo-festa-nazionale-ungheria\/\"},\"author\":{\"name\":\"Ivan Palma\",\"@id\":\"https:\/\/mavericklodges.com\/it\/#\/schema\/person\/3de09887c4209b8d73c2809913370261\"},\"headline\":\"15 di marzo, in poche parole; la festa nazionale pi\u00f9 grande d\u2019Ungheria\",\"datePublished\":\"2026-01-02T15:02:00+00:00\",\"mainEntityOfPage\":{\"@id\":\"https:\/\/mavericklodges.com\/it\/15-marzo-festa-nazionale-ungheria\/\"},\"wordCount\":953,\"publisher\":{\"@id\":\"https:\/\/mavericklodges.com\/it\/#organization\"},\"image\":{\"@id\":\"https:\/\/mavericklodges.com\/it\/15-marzo-festa-nazionale-ungheria\/#primaryimage\"},\"thumbnailUrl\":\"https:\/\/mavericklodges.com\/wp-content\/uploads\/2024\/11\/national-day-hungary-fireworks.jpeg\",\"articleSection\":[\"Non categorizzato\"],\"inLanguage\":\"it-IT\"},{\"@type\":\"WebPage\",\"@id\":\"https:\/\/mavericklodges.com\/it\/15-marzo-festa-nazionale-ungheria\/\",\"url\":\"https:\/\/mavericklodges.com\/it\/15-marzo-festa-nazionale-ungheria\/\",\"name\":\"15 di Marzo | La Festa nazionale pi\u00f9 Grande d\u2019Ungheria 2026\",\"isPartOf\":{\"@id\":\"https:\/\/mavericklodges.com\/it\/#website\"},\"primaryImageOfPage\":{\"@id\":\"https:\/\/mavericklodges.com\/it\/15-marzo-festa-nazionale-ungheria\/#primaryimage\"},\"image\":{\"@id\":\"https:\/\/mavericklodges.com\/it\/15-marzo-festa-nazionale-ungheria\/#primaryimage\"},\"thumbnailUrl\":\"https:\/\/mavericklodges.com\/wp-content\/uploads\/2024\/11\/national-day-hungary-fireworks.jpeg\",\"datePublished\":\"2026-01-02T15:02:00+00:00\",\"description\":\"Tutto quello che devi sapere sulla GRANDE festa nazionale ungherese del 15 marzo. Gli ungheresi celebrano che la soluzione e provare!\",\"breadcrumb\":{\"@id\":\"https:\/\/mavericklodges.com\/it\/15-marzo-festa-nazionale-ungheria\/#breadcrumb\"},\"inLanguage\":\"it-IT\",\"potentialAction\":[{\"@type\":\"ReadAction\",\"target\":[\"https:\/\/mavericklodges.com\/it\/15-marzo-festa-nazionale-ungheria\/\"]}]},{\"@type\":\"ImageObject\",\"inLanguage\":\"it-IT\",\"@id\":\"https:\/\/mavericklodges.com\/it\/15-marzo-festa-nazionale-ungheria\/#primaryimage\",\"url\":\"https:\/\/mavericklodges.com\/wp-content\/uploads\/2024\/11\/national-day-hungary-fireworks.jpeg\",\"contentUrl\":\"https:\/\/mavericklodges.com\/wp-content\/uploads\/2024\/11\/national-day-hungary-fireworks.jpeg\",\"width\":760,\"height\":507,\"caption\":\"march-15-hungarian-national-holiday\"},{\"@type\":\"BreadcrumbList\",\"@id\":\"https:\/\/mavericklodges.com\/it\/15-marzo-festa-nazionale-ungheria\/#breadcrumb\",\"itemListElement\":[{\"@type\":\"ListItem\",\"position\":1,\"name\":\"Home\",\"item\":\"https:\/\/mavericklodges.com\/it\/\"},{\"@type\":\"ListItem\",\"position\":2,\"name\":\"15 di marzo, in poche parole; la festa nazionale pi\u00f9 grande d\u2019Ungheria\"}]},{\"@type\":\"WebSite\",\"@id\":\"https:\/\/mavericklodges.com\/it\/#website\",\"url\":\"https:\/\/mavericklodges.com\/it\/\",\"name\":\"Maverick Lodges\u2122\",\"description\":\"Book direct for best deals\",\"publisher\":{\"@id\":\"https:\/\/mavericklodges.com\/it\/#organization\"},\"potentialAction\":[{\"@type\":\"SearchAction\",\"target\":{\"@type\":\"EntryPoint\",\"urlTemplate\":\"https:\/\/mavericklodges.com\/it\/?s={search_term_string}\"},\"query-input\":{\"@type\":\"PropertyValueSpecification\",\"valueRequired\":true,\"valueName\":\"search_term_string\"}}],\"inLanguage\":\"it-IT\"},{\"@type\":\"Organization\",\"@id\":\"https:\/\/mavericklodges.com\/it\/#organization\",\"name\":\"Maverick Lodges\u2122\",\"url\":\"https:\/\/mavericklodges.com\/it\/\",\"logo\":{\"@type\":\"ImageObject\",\"inLanguage\":\"it-IT\",\"@id\":\"https:\/\/mavericklodges.com\/it\/#\/schema\/logo\/image\/\",\"url\":\"https:\/\/mavericklodges.com\/wp-content\/uploads\/2024\/08\/logo-black.png\",\"contentUrl\":\"https:\/\/mavericklodges.com\/wp-content\/uploads\/2024\/08\/logo-black.png\",\"width\":1616,\"height\":371,\"caption\":\"Maverick Lodges\u2122\"},\"image\":{\"@id\":\"https:\/\/mavericklodges.com\/it\/#\/schema\/logo\/image\/\"}},{\"@type\":\"Person\",\"@id\":\"https:\/\/mavericklodges.com\/it\/#\/schema\/person\/3de09887c4209b8d73c2809913370261\",\"name\":\"Ivan Palma\",\"image\":{\"@type\":\"ImageObject\",\"inLanguage\":\"it-IT\",\"@id\":\"https:\/\/mavericklodges.com\/it\/#\/schema\/person\/image\/\",\"url\":\"https:\/\/secure.gravatar.com\/avatar\/ef1f6767d451e7f654b2e62d270a9e6ea7d55b989a0749bfe87d5023fe4ce605?s=96&d=mm&r=g\",\"contentUrl\":\"https:\/\/secure.gravatar.com\/avatar\/ef1f6767d451e7f654b2e62d270a9e6ea7d55b989a0749bfe87d5023fe4ce605?s=96&d=mm&r=g\",\"caption\":\"Ivan Palma\"}}]}<\/script>\n<!-- \/ Yoast SEO plugin. -->","yoast_head_json":{"title":"15 di Marzo | La Festa nazionale pi\u00f9 Grande d\u2019Ungheria 2026","description":"Tutto quello che devi sapere sulla GRANDE festa nazionale ungherese del 15 marzo. Gli ungheresi celebrano che la soluzione e provare!","robots":{"index":"index","follow":"follow","max-snippet":"max-snippet:-1","max-image-preview":"max-image-preview:large","max-video-preview":"max-video-preview:-1"},"canonical":"https:\/\/mavericklodges.com\/it\/15-marzo-festa-nazionale-ungheria\/","og_locale":"it_IT","og_type":"article","og_title":"15 di Marzo | La Festa nazionale pi\u00f9 Grande d\u2019Ungheria 2026","og_description":"Tutto quello che devi sapere sulla GRANDE festa nazionale ungherese del 15 marzo. Gli ungheresi celebrano che la soluzione e provare!","og_url":"https:\/\/mavericklodges.com\/it\/15-marzo-festa-nazionale-ungheria\/","og_site_name":"Maverick Lodges\u2122","article_published_time":"2026-01-02T15:02:00+00:00","og_image":[{"width":760,"height":507,"url":"https:\/\/mavericklodges.com\/wp-content\/uploads\/2024\/11\/national-day-hungary-fireworks.jpeg","type":"image\/jpeg"}],"author":"Ivan Palma","twitter_card":"summary_large_image","twitter_misc":{"Scritto da":"Ivan Palma","Tempo di lettura stimato":"6 minuti"},"schema":{"@context":"https:\/\/schema.org","@graph":[{"@type":"Article","@id":"https:\/\/mavericklodges.com\/it\/15-marzo-festa-nazionale-ungheria\/#article","isPartOf":{"@id":"https:\/\/mavericklodges.com\/it\/15-marzo-festa-nazionale-ungheria\/"},"author":{"name":"Ivan Palma","@id":"https:\/\/mavericklodges.com\/it\/#\/schema\/person\/3de09887c4209b8d73c2809913370261"},"headline":"15 di marzo, in poche parole; la festa nazionale pi\u00f9 grande d\u2019Ungheria","datePublished":"2026-01-02T15:02:00+00:00","mainEntityOfPage":{"@id":"https:\/\/mavericklodges.com\/it\/15-marzo-festa-nazionale-ungheria\/"},"wordCount":953,"publisher":{"@id":"https:\/\/mavericklodges.com\/it\/#organization"},"image":{"@id":"https:\/\/mavericklodges.com\/it\/15-marzo-festa-nazionale-ungheria\/#primaryimage"},"thumbnailUrl":"https:\/\/mavericklodges.com\/wp-content\/uploads\/2024\/11\/national-day-hungary-fireworks.jpeg","articleSection":["Non categorizzato"],"inLanguage":"it-IT"},{"@type":"WebPage","@id":"https:\/\/mavericklodges.com\/it\/15-marzo-festa-nazionale-ungheria\/","url":"https:\/\/mavericklodges.com\/it\/15-marzo-festa-nazionale-ungheria\/","name":"15 di Marzo | La Festa nazionale pi\u00f9 Grande d\u2019Ungheria 2026","isPartOf":{"@id":"https:\/\/mavericklodges.com\/it\/#website"},"primaryImageOfPage":{"@id":"https:\/\/mavericklodges.com\/it\/15-marzo-festa-nazionale-ungheria\/#primaryimage"},"image":{"@id":"https:\/\/mavericklodges.com\/it\/15-marzo-festa-nazionale-ungheria\/#primaryimage"},"thumbnailUrl":"https:\/\/mavericklodges.com\/wp-content\/uploads\/2024\/11\/national-day-hungary-fireworks.jpeg","datePublished":"2026-01-02T15:02:00+00:00","description":"Tutto quello che devi sapere sulla GRANDE festa nazionale ungherese del 15 marzo. Gli ungheresi celebrano che la soluzione e provare!","breadcrumb":{"@id":"https:\/\/mavericklodges.com\/it\/15-marzo-festa-nazionale-ungheria\/#breadcrumb"},"inLanguage":"it-IT","potentialAction":[{"@type":"ReadAction","target":["https:\/\/mavericklodges.com\/it\/15-marzo-festa-nazionale-ungheria\/"]}]},{"@type":"ImageObject","inLanguage":"it-IT","@id":"https:\/\/mavericklodges.com\/it\/15-marzo-festa-nazionale-ungheria\/#primaryimage","url":"https:\/\/mavericklodges.com\/wp-content\/uploads\/2024\/11\/national-day-hungary-fireworks.jpeg","contentUrl":"https:\/\/mavericklodges.com\/wp-content\/uploads\/2024\/11\/national-day-hungary-fireworks.jpeg","width":760,"height":507,"caption":"march-15-hungarian-national-holiday"},{"@type":"BreadcrumbList","@id":"https:\/\/mavericklodges.com\/it\/15-marzo-festa-nazionale-ungheria\/#breadcrumb","itemListElement":[{"@type":"ListItem","position":1,"name":"Home","item":"https:\/\/mavericklodges.com\/it\/"},{"@type":"ListItem","position":2,"name":"15 di marzo, in poche parole; la festa nazionale pi\u00f9 grande d\u2019Ungheria"}]},{"@type":"WebSite","@id":"https:\/\/mavericklodges.com\/it\/#website","url":"https:\/\/mavericklodges.com\/it\/","name":"Maverick Lodges\u2122","description":"Book direct for best deals","publisher":{"@id":"https:\/\/mavericklodges.com\/it\/#organization"},"potentialAction":[{"@type":"SearchAction","target":{"@type":"EntryPoint","urlTemplate":"https:\/\/mavericklodges.com\/it\/?s={search_term_string}"},"query-input":{"@type":"PropertyValueSpecification","valueRequired":true,"valueName":"search_term_string"}}],"inLanguage":"it-IT"},{"@type":"Organization","@id":"https:\/\/mavericklodges.com\/it\/#organization","name":"Maverick Lodges\u2122","url":"https:\/\/mavericklodges.com\/it\/","logo":{"@type":"ImageObject","inLanguage":"it-IT","@id":"https:\/\/mavericklodges.com\/it\/#\/schema\/logo\/image\/","url":"https:\/\/mavericklodges.com\/wp-content\/uploads\/2024\/08\/logo-black.png","contentUrl":"https:\/\/mavericklodges.com\/wp-content\/uploads\/2024\/08\/logo-black.png","width":1616,"height":371,"caption":"Maverick Lodges\u2122"},"image":{"@id":"https:\/\/mavericklodges.com\/it\/#\/schema\/logo\/image\/"}},{"@type":"Person","@id":"https:\/\/mavericklodges.com\/it\/#\/schema\/person\/3de09887c4209b8d73c2809913370261","name":"Ivan Palma","image":{"@type":"ImageObject","inLanguage":"it-IT","@id":"https:\/\/mavericklodges.com\/it\/#\/schema\/person\/image\/","url":"https:\/\/secure.gravatar.com\/avatar\/ef1f6767d451e7f654b2e62d270a9e6ea7d55b989a0749bfe87d5023fe4ce605?s=96&d=mm&r=g","contentUrl":"https:\/\/secure.gravatar.com\/avatar\/ef1f6767d451e7f654b2e62d270a9e6ea7d55b989a0749bfe87d5023fe4ce605?s=96&d=mm&r=g","caption":"Ivan Palma"}}]}},"_links":{"self":[{"href":"https:\/\/mavericklodges.com\/it\/wp-json\/wp\/v2\/posts\/2038","targetHints":{"allow":["GET"]}}],"collection":[{"href":"https:\/\/mavericklodges.com\/it\/wp-json\/wp\/v2\/posts"}],"about":[{"href":"https:\/\/mavericklodges.com\/it\/wp-json\/wp\/v2\/types\/post"}],"author":[{"embeddable":true,"href":"https:\/\/mavericklodges.com\/it\/wp-json\/wp\/v2\/users\/6"}],"replies":[{"embeddable":true,"href":"https:\/\/mavericklodges.com\/it\/wp-json\/wp\/v2\/comments?post=2038"}],"version-history":[{"count":2,"href":"https:\/\/mavericklodges.com\/it\/wp-json\/wp\/v2\/posts\/2038\/revisions"}],"predecessor-version":[{"id":6792,"href":"https:\/\/mavericklodges.com\/it\/wp-json\/wp\/v2\/posts\/2038\/revisions\/6792"}],"wp:featuredmedia":[{"embeddable":true,"href":"https:\/\/mavericklodges.com\/it\/wp-json\/wp\/v2\/media\/1329"}],"wp:attachment":[{"href":"https:\/\/mavericklodges.com\/it\/wp-json\/wp\/v2\/media?parent=2038"}],"wp:term":[{"taxonomy":"category","embeddable":true,"href":"https:\/\/mavericklodges.com\/it\/wp-json\/wp\/v2\/categories?post=2038"},{"taxonomy":"post_tag","embeddable":true,"href":"https:\/\/mavericklodges.com\/it\/wp-json\/wp\/v2\/tags?post=2038"}],"curies":[{"name":"wp","href":"https:\/\/api.w.org\/{rel}","templated":true}]}}