{"id":2063,"date":"2025-03-07T16:50:49","date_gmt":"2025-03-07T15:50:49","guid":{"rendered":"https:\/\/mavericklodges.com\/budapest-beer-festival\/"},"modified":"2026-01-14T09:55:11","modified_gmt":"2026-01-14T08:55:11","slug":"festival-birra-budapest","status":"publish","type":"post","link":"https:\/\/mavericklodges.com\/it\/festival-birra-budapest\/","title":{"rendered":"Festival della birra di Budapest 2026"},"content":{"rendered":"\n<h2 class=\"wp-block-heading\">Birre eccezionali, cibo di strada e musica dal vivo nella verdeggiante Piazza della Szabads\u00e1g<\/h2>\n\n\n\n<p>La fine dell&#8217;estate a Budapest offre un sacco di cose da fare, ma lasciatemi concentrare su una delle migliori questa volta: il Downtown Beer Festival su Piazza della Szabads\u00e1g, con le migliori birre artigianali locali e internazionali che si possano chiedere.<\/p>\n\n\n\n<p>Ottimo cibo di strada, incredibili birre artigianali, musica dal vivo con band locali, e tutto questo in un parco davvero cool vicino al Parlamento, dove potrete godervi la notte d&#8217;estate con i vostri amici, degustando birra mentre sgranocchiate i vostri primi l\u00e1ngos e ascoltando le band locali.<\/p>\n\n\n\n<figure class=\"wp-block-image aligncenter size-large\"><img loading=\"lazy\" decoding=\"async\" width=\"1024\" height=\"778\" src=\"https:\/\/mavericklodges.com\/wp-content\/uploads\/2024\/11\/downtown-stand-budapest-beer-festival-1024x778.jpeg?_t=1731398307\" alt=\"\" class=\"wp-image-1643\" srcset=\"https:\/\/mavericklodges.com\/wp-content\/uploads\/2024\/11\/downtown-stand-budapest-beer-festival-1024x778.jpeg 1024w, https:\/\/mavericklodges.com\/wp-content\/uploads\/2024\/11\/downtown-stand-budapest-beer-festival-300x228.jpeg 300w, https:\/\/mavericklodges.com\/wp-content\/uploads\/2024\/11\/downtown-stand-budapest-beer-festival-768x583.jpeg 768w, https:\/\/mavericklodges.com\/wp-content\/uploads\/2024\/11\/downtown-stand-budapest-beer-festival.jpeg 1122w\" sizes=\"auto, (max-width: 1024px) 100vw, 1024px\" \/><\/figure>\n\n\n\n<p>Credit: Website Sorfesztival<\/p>\n\n\n\n<h2 class=\"wp-block-heading\">Ingresso gratuito e modalit\u00e0 di degustazione della birra al festival<\/h2>\n\n\n\n<p>\u00c8 la settima volta che l&#8217;evento viene organizzato e l&#8217;anno scorso \u00e8 stato un successo assoluto. L&#8217;ingresso \u00e8 gratuito, ma per poter assaggiare le birre \u00e8 necessario acquistare il bicchiere ufficiale dell&#8217;evento (circa 3500 HUF = 9 eur per quello normale, o 5000 HUF = 13 eur per quello di lusso).<\/p>\n\n\n\n<p>Con l&#8217;acquisto del bicchiere si ottiene un bicchiere di birra in omaggio, e i prezzi delle bevande sono adeguati alla particolarit\u00e0 di molti prodotti.<\/p>\n\n\n\n<figure class=\"wp-block-image aligncenter size-large\"><img loading=\"lazy\" decoding=\"async\" width=\"750\" height=\"570\" src=\"https:\/\/mavericklodges.com\/wp-content\/uploads\/2024\/11\/sorfesztival-szabadsag-ter-budapest-beer-festival.jpeg?_t=1731398352\" alt=\"\" class=\"wp-image-1645\" srcset=\"https:\/\/mavericklodges.com\/wp-content\/uploads\/2024\/11\/sorfesztival-szabadsag-ter-budapest-beer-festival.jpeg 750w, https:\/\/mavericklodges.com\/wp-content\/uploads\/2024\/11\/sorfesztival-szabadsag-ter-budapest-beer-festival-300x228.jpeg 300w\" sizes=\"auto, (max-width: 750px) 100vw, 750px\" \/><\/figure>\n\n\n\n<p>Credit: Website Sorfesztival<\/p>\n\n\n\n<h2 class=\"wp-block-heading\">Aftermovie Budapest Beer Festival: Belv\u00e1rosi SorFestival<\/h2>\n\n\n\n<p>Ecco un esempio degli anni precedenti su cosa si pu\u00f2 trovare;<\/p>\n\n\n\n<figure class=\"wp-block-embed is-type-rich is-provider-handler-delloggetto-incorporato wp-block-embed-handler-delloggetto-incorporato wp-embed-aspect-16-9 wp-has-aspect-ratio\"><div class=\"wp-block-embed__wrapper\">\n<iframe loading=\"lazy\" title=\"VI. Belv\u00e1rosi S\u00f6rfesztiv\u00e1l 2022\" width=\"500\" height=\"281\" src=\"https:\/\/www.youtube.com\/embed\/RPJM9K8zd9M?feature=oembed&#038;enablejsapi=1&#038;origin=https:\/\/mavericklodges.com\" frameborder=\"0\" allow=\"accelerometer; autoplay; clipboard-write; encrypted-media; gyroscope; picture-in-picture; web-share\" referrerpolicy=\"strict-origin-when-cross-origin\" allowfullscreen><\/iframe>\n<\/div><\/figure>\n\n\n\n<h2 class=\"wp-block-heading\">La birra in Ungheria: finalmente \u00e8 grande!<\/h2>\n\n\n\n<p>Gli ungheresi sono sempre stati molto orgogliosi dei loro vini, ma fino a poco tempo fa la loro selezione di birre era piuttosto limitata: le stesse semplici lager venivano offerte in tutte le bettole senza alcuna variet\u00e0. Questo fino a quando la gloriosa rivoluzione della birra artigianale ha colto di sorpresa il Paese e ha visto spuntare microbirrifici dappertutto.<\/p>\n\n\n\n<p>Oggi i locali pi\u00f9 cool offrono una grande selezione di birre locali e internazionali, e anche i grandi produttori di birra hanno dovuto introdurre una nuova variet\u00e0 per stare al passo con i tempi.<\/p>\n\n\n\n<figure class=\"wp-block-image aligncenter size-large\"><img loading=\"lazy\" decoding=\"async\" width=\"1024\" height=\"778\" src=\"https:\/\/mavericklodges.com\/wp-content\/uploads\/2024\/11\/typical-hungarian-food-budapest-beer-festival-1024x778.jpeg?_t=1731398367\" alt=\"\" class=\"wp-image-1646\" srcset=\"https:\/\/mavericklodges.com\/wp-content\/uploads\/2024\/11\/typical-hungarian-food-budapest-beer-festival-1024x778.jpeg 1024w, https:\/\/mavericklodges.com\/wp-content\/uploads\/2024\/11\/typical-hungarian-food-budapest-beer-festival-300x228.jpeg 300w, https:\/\/mavericklodges.com\/wp-content\/uploads\/2024\/11\/typical-hungarian-food-budapest-beer-festival-768x583.jpeg 768w, https:\/\/mavericklodges.com\/wp-content\/uploads\/2024\/11\/typical-hungarian-food-budapest-beer-festival.jpeg 1122w\" sizes=\"auto, (max-width: 1024px) 100vw, 1024px\" \/><\/figure>\n\n\n\n<p>Credit: Website Sorfesztival<\/p>\n\n\n\n<h2 class=\"wp-block-heading\">Il luogo<\/h2>\n\n\n\n<p>Piazza della Szabads\u00e1g&nbsp; si trova tra la Basilica di Santo Stefano e il Parlamento &#8211; quindi se cercate cose da fare prima\/dopo, potreste fare un mini tour di Budapest e passeggiare lungo il Danubio fino al Ponte delle Catene, fermandovi alle Scarpe sul lungofiume del Danubio; oppure camminare fino alla cima della Basilica per avere la migliore vista della citt\u00e0.<\/p>\n\n\n\n<p>Attraversando il fiume, si pu\u00f2 anche prendere la funicolare per il quartiere del Castello. Piazza della Szabads\u00e1g &nbsp;\u00e8 facilmente raggiungibile a piedi dalle fermate della metropolitana Via Arany J\u00e1nos (M3) o Piazza dell\u2019 Kossuth (M2), o anche da Via Bajcsy-Zsilinszky (M1).<\/p>\n\n\n\n<h2 class=\"wp-block-heading\">Buon divertimento! Ostello consigliato<\/h2>\n\n\n\n<p><a href=\"https:\/\/mavericklodges.com\/it\/\" target=\"_blank\" rel=\"noreferrer noopener\">Maverick Hostel Budapest<\/a>&nbsp;\u00e8 un&#8217;ottima scelta se volete essere vicini al festival e proprio nel cuore della citt\u00e0.<\/p>\n\n\n\n<p><\/p>\n","protected":false},"excerpt":{"rendered":"<p>Birre eccezionali, cibo di strada e musica dal vivo nella verdeggiante Piazza della Szabads\u00e1g La fine dell&#8217;estate a Budapest offre un sacco di cose da fare, ma lasciatemi concentrare su [&hellip;]<\/p>\n","protected":false},"author":6,"featured_media":1362,"comment_status":"closed","ping_status":"closed","sticky":false,"template":"","format":"standard","meta":{"_acf_changed":false,"_price":"","_stock":"","_tribe_ticket_header":"","_tribe_default_ticket_provider":"","_ticket_start_date":"","_ticket_end_date":"","_tribe_ticket_show_description":"","_tribe_ticket_show_not_going":false,"_tribe_ticket_use_global_stock":"","_tribe_ticket_global_stock_level":"","_global_stock_mode":"","_global_stock_cap":"","_tribe_rsvp_for_event":"","_tribe_ticket_going_count":"","_tribe_ticket_not_going_count":"","_tribe_tickets_list":"[]","_tribe_ticket_has_attendee_info_fields":false,"_EventAllDay":false,"_EventTimezone":"","_EventStartDate":"","_EventEndDate":"","_EventStartDateUTC":"","_EventEndDateUTC":"","_EventShowMap":false,"_EventShowMapLink":false,"_EventURL":"","_EventCost":"","_EventCostDescription":"","_EventCurrencySymbol":"","_EventCurrencyCode":"","_EventCurrencyPosition":"","_EventDateTimeSeparator":"","_EventTimeRangeSeparator":"","_EventOrganizerID":[],"_EventVenueID":[],"_OrganizerEmail":"","_OrganizerPhone":"","_OrganizerWebsite":"","_VenueAddress":"","_VenueCity":"","_VenueCountry":"","_VenueProvince":"","_VenueState":"","_VenueZip":"","_VenuePhone":"","_VenueURL":"","_VenueStateProvince":"","_VenueLat":"","_VenueLng":"","_VenueShowMap":false,"_VenueShowMapLink":false,"_tribe_blocks_recurrence_rules":"","_tribe_blocks_recurrence_description":"","_tribe_blocks_recurrence_exclusions":"","footnotes":""},"categories":[5],"tags":[],"class_list":["post-2063","post","type-post","status-publish","format-standard","has-post-thumbnail","hentry","category-non-categorizzato"],"acf":[],"yoast_head":"<!-- This site is optimized with the Yoast SEO plugin v25.3 - https:\/\/yoast.com\/wordpress\/plugins\/seo\/ -->\n<title>Festival della birra di Budapest 2026<\/title>\n<meta name=\"description\" content=\"Gli amanti della birra hanno di che preoccuparsi: i festival della birra sono arrivati e vi lasceranno a bocca aperta.\" \/>\n<meta name=\"robots\" content=\"index, follow, max-snippet:-1, max-image-preview:large, max-video-preview:-1\" \/>\n<link rel=\"canonical\" href=\"https:\/\/mavericklodges.com\/it\/festival-birra-budapest\/\" \/>\n<meta property=\"og:locale\" content=\"it_IT\" \/>\n<meta property=\"og:type\" content=\"article\" \/>\n<meta property=\"og:title\" content=\"Festival della birra di Budapest 2026\" \/>\n<meta property=\"og:description\" content=\"Gli amanti della birra hanno di che preoccuparsi: i festival della birra sono arrivati e vi lasceranno a bocca aperta.\" \/>\n<meta property=\"og:url\" content=\"https:\/\/mavericklodges.com\/it\/festival-birra-budapest\/\" \/>\n<meta property=\"og:site_name\" content=\"Maverick Lodges\u2122\" \/>\n<meta property=\"article:published_time\" content=\"2025-03-07T15:50:49+00:00\" \/>\n<meta property=\"article:modified_time\" content=\"2026-01-14T08:55:11+00:00\" \/>\n<meta property=\"og:image\" content=\"https:\/\/mavericklodges.com\/wp-content\/uploads\/2024\/11\/budapest-sorfesztival-beer-czech-festival.jpeg\" \/>\n\t<meta property=\"og:image:width\" content=\"1124\" \/>\n\t<meta property=\"og:image:height\" content=\"854\" \/>\n\t<meta property=\"og:image:type\" content=\"image\/jpeg\" \/>\n<meta name=\"author\" content=\"Ivan Palma\" \/>\n<meta name=\"twitter:card\" content=\"summary_large_image\" \/>\n<meta name=\"twitter:label1\" content=\"Scritto da\" \/>\n\t<meta name=\"twitter:data1\" content=\"Ivan Palma\" \/>\n\t<meta name=\"twitter:label2\" content=\"Tempo di lettura stimato\" \/>\n\t<meta name=\"twitter:data2\" content=\"3 minuti\" \/>\n<script type=\"application\/ld+json\" class=\"yoast-schema-graph\">{\"@context\":\"https:\/\/schema.org\",\"@graph\":[{\"@type\":\"Article\",\"@id\":\"https:\/\/mavericklodges.com\/it\/festival-birra-budapest\/#article\",\"isPartOf\":{\"@id\":\"https:\/\/mavericklodges.com\/it\/festival-birra-budapest\/\"},\"author\":{\"name\":\"Ivan Palma\",\"@id\":\"https:\/\/mavericklodges.com\/it\/#\/schema\/person\/3de09887c4209b8d73c2809913370261\"},\"headline\":\"Festival della birra di Budapest 2026\",\"datePublished\":\"2025-03-07T15:50:49+00:00\",\"dateModified\":\"2026-01-14T08:55:11+00:00\",\"mainEntityOfPage\":{\"@id\":\"https:\/\/mavericklodges.com\/it\/festival-birra-budapest\/\"},\"wordCount\":458,\"publisher\":{\"@id\":\"https:\/\/mavericklodges.com\/it\/#organization\"},\"image\":{\"@id\":\"https:\/\/mavericklodges.com\/it\/festival-birra-budapest\/#primaryimage\"},\"thumbnailUrl\":\"https:\/\/mavericklodges.com\/wp-content\/uploads\/2024\/11\/budapest-sorfesztival-beer-czech-festival.jpeg\",\"articleSection\":[\"Non categorizzato\"],\"inLanguage\":\"it-IT\"},{\"@type\":\"WebPage\",\"@id\":\"https:\/\/mavericklodges.com\/it\/festival-birra-budapest\/\",\"url\":\"https:\/\/mavericklodges.com\/it\/festival-birra-budapest\/\",\"name\":\"Festival della birra di Budapest 2026\",\"isPartOf\":{\"@id\":\"https:\/\/mavericklodges.com\/it\/#website\"},\"primaryImageOfPage\":{\"@id\":\"https:\/\/mavericklodges.com\/it\/festival-birra-budapest\/#primaryimage\"},\"image\":{\"@id\":\"https:\/\/mavericklodges.com\/it\/festival-birra-budapest\/#primaryimage\"},\"thumbnailUrl\":\"https:\/\/mavericklodges.com\/wp-content\/uploads\/2024\/11\/budapest-sorfesztival-beer-czech-festival.jpeg\",\"datePublished\":\"2025-03-07T15:50:49+00:00\",\"dateModified\":\"2026-01-14T08:55:11+00:00\",\"description\":\"Gli amanti della birra hanno di che preoccuparsi: i festival della birra sono arrivati e vi lasceranno a bocca aperta.\",\"breadcrumb\":{\"@id\":\"https:\/\/mavericklodges.com\/it\/festival-birra-budapest\/#breadcrumb\"},\"inLanguage\":\"it-IT\",\"potentialAction\":[{\"@type\":\"ReadAction\",\"target\":[\"https:\/\/mavericklodges.com\/it\/festival-birra-budapest\/\"]}]},{\"@type\":\"ImageObject\",\"inLanguage\":\"it-IT\",\"@id\":\"https:\/\/mavericklodges.com\/it\/festival-birra-budapest\/#primaryimage\",\"url\":\"https:\/\/mavericklodges.com\/wp-content\/uploads\/2024\/11\/budapest-sorfesztival-beer-czech-festival.jpeg\",\"contentUrl\":\"https:\/\/mavericklodges.com\/wp-content\/uploads\/2024\/11\/budapest-sorfesztival-beer-czech-festival.jpeg\",\"width\":1124,\"height\":854,\"caption\":\"budapest-beer-festival\"},{\"@type\":\"BreadcrumbList\",\"@id\":\"https:\/\/mavericklodges.com\/it\/festival-birra-budapest\/#breadcrumb\",\"itemListElement\":[{\"@type\":\"ListItem\",\"position\":1,\"name\":\"Home\",\"item\":\"https:\/\/mavericklodges.com\/it\/\"},{\"@type\":\"ListItem\",\"position\":2,\"name\":\"Festival della birra di Budapest 2026\"}]},{\"@type\":\"WebSite\",\"@id\":\"https:\/\/mavericklodges.com\/it\/#website\",\"url\":\"https:\/\/mavericklodges.com\/it\/\",\"name\":\"Maverick Lodges\u2122\",\"description\":\"Book direct for best deals\",\"publisher\":{\"@id\":\"https:\/\/mavericklodges.com\/it\/#organization\"},\"potentialAction\":[{\"@type\":\"SearchAction\",\"target\":{\"@type\":\"EntryPoint\",\"urlTemplate\":\"https:\/\/mavericklodges.com\/it\/?s={search_term_string}\"},\"query-input\":{\"@type\":\"PropertyValueSpecification\",\"valueRequired\":true,\"valueName\":\"search_term_string\"}}],\"inLanguage\":\"it-IT\"},{\"@type\":\"Organization\",\"@id\":\"https:\/\/mavericklodges.com\/it\/#organization\",\"name\":\"Maverick Lodges\u2122\",\"url\":\"https:\/\/mavericklodges.com\/it\/\",\"logo\":{\"@type\":\"ImageObject\",\"inLanguage\":\"it-IT\",\"@id\":\"https:\/\/mavericklodges.com\/it\/#\/schema\/logo\/image\/\",\"url\":\"https:\/\/mavericklodges.com\/wp-content\/uploads\/2024\/08\/logo-black.png\",\"contentUrl\":\"https:\/\/mavericklodges.com\/wp-content\/uploads\/2024\/08\/logo-black.png\",\"width\":1616,\"height\":371,\"caption\":\"Maverick Lodges\u2122\"},\"image\":{\"@id\":\"https:\/\/mavericklodges.com\/it\/#\/schema\/logo\/image\/\"}},{\"@type\":\"Person\",\"@id\":\"https:\/\/mavericklodges.com\/it\/#\/schema\/person\/3de09887c4209b8d73c2809913370261\",\"name\":\"Ivan Palma\",\"image\":{\"@type\":\"ImageObject\",\"inLanguage\":\"it-IT\",\"@id\":\"https:\/\/mavericklodges.com\/it\/#\/schema\/person\/image\/\",\"url\":\"https:\/\/secure.gravatar.com\/avatar\/ef1f6767d451e7f654b2e62d270a9e6ea7d55b989a0749bfe87d5023fe4ce605?s=96&d=mm&r=g\",\"contentUrl\":\"https:\/\/secure.gravatar.com\/avatar\/ef1f6767d451e7f654b2e62d270a9e6ea7d55b989a0749bfe87d5023fe4ce605?s=96&d=mm&r=g\",\"caption\":\"Ivan Palma\"}}]}<\/script>\n<!-- \/ Yoast SEO plugin. -->","yoast_head_json":{"title":"Festival della birra di Budapest 2026","description":"Gli amanti della birra hanno di che preoccuparsi: i festival della birra sono arrivati e vi lasceranno a bocca aperta.","robots":{"index":"index","follow":"follow","max-snippet":"max-snippet:-1","max-image-preview":"max-image-preview:large","max-video-preview":"max-video-preview:-1"},"canonical":"https:\/\/mavericklodges.com\/it\/festival-birra-budapest\/","og_locale":"it_IT","og_type":"article","og_title":"Festival della birra di Budapest 2026","og_description":"Gli amanti della birra hanno di che preoccuparsi: i festival della birra sono arrivati e vi lasceranno a bocca aperta.","og_url":"https:\/\/mavericklodges.com\/it\/festival-birra-budapest\/","og_site_name":"Maverick Lodges\u2122","article_published_time":"2025-03-07T15:50:49+00:00","article_modified_time":"2026-01-14T08:55:11+00:00","og_image":[{"width":1124,"height":854,"url":"https:\/\/mavericklodges.com\/wp-content\/uploads\/2024\/11\/budapest-sorfesztival-beer-czech-festival.jpeg","type":"image\/jpeg"}],"author":"Ivan Palma","twitter_card":"summary_large_image","twitter_misc":{"Scritto da":"Ivan Palma","Tempo di lettura stimato":"3 minuti"},"schema":{"@context":"https:\/\/schema.org","@graph":[{"@type":"Article","@id":"https:\/\/mavericklodges.com\/it\/festival-birra-budapest\/#article","isPartOf":{"@id":"https:\/\/mavericklodges.com\/it\/festival-birra-budapest\/"},"author":{"name":"Ivan Palma","@id":"https:\/\/mavericklodges.com\/it\/#\/schema\/person\/3de09887c4209b8d73c2809913370261"},"headline":"Festival della birra di Budapest 2026","datePublished":"2025-03-07T15:50:49+00:00","dateModified":"2026-01-14T08:55:11+00:00","mainEntityOfPage":{"@id":"https:\/\/mavericklodges.com\/it\/festival-birra-budapest\/"},"wordCount":458,"publisher":{"@id":"https:\/\/mavericklodges.com\/it\/#organization"},"image":{"@id":"https:\/\/mavericklodges.com\/it\/festival-birra-budapest\/#primaryimage"},"thumbnailUrl":"https:\/\/mavericklodges.com\/wp-content\/uploads\/2024\/11\/budapest-sorfesztival-beer-czech-festival.jpeg","articleSection":["Non categorizzato"],"inLanguage":"it-IT"},{"@type":"WebPage","@id":"https:\/\/mavericklodges.com\/it\/festival-birra-budapest\/","url":"https:\/\/mavericklodges.com\/it\/festival-birra-budapest\/","name":"Festival della birra di Budapest 2026","isPartOf":{"@id":"https:\/\/mavericklodges.com\/it\/#website"},"primaryImageOfPage":{"@id":"https:\/\/mavericklodges.com\/it\/festival-birra-budapest\/#primaryimage"},"image":{"@id":"https:\/\/mavericklodges.com\/it\/festival-birra-budapest\/#primaryimage"},"thumbnailUrl":"https:\/\/mavericklodges.com\/wp-content\/uploads\/2024\/11\/budapest-sorfesztival-beer-czech-festival.jpeg","datePublished":"2025-03-07T15:50:49+00:00","dateModified":"2026-01-14T08:55:11+00:00","description":"Gli amanti della birra hanno di che preoccuparsi: i festival della birra sono arrivati e vi lasceranno a bocca aperta.","breadcrumb":{"@id":"https:\/\/mavericklodges.com\/it\/festival-birra-budapest\/#breadcrumb"},"inLanguage":"it-IT","potentialAction":[{"@type":"ReadAction","target":["https:\/\/mavericklodges.com\/it\/festival-birra-budapest\/"]}]},{"@type":"ImageObject","inLanguage":"it-IT","@id":"https:\/\/mavericklodges.com\/it\/festival-birra-budapest\/#primaryimage","url":"https:\/\/mavericklodges.com\/wp-content\/uploads\/2024\/11\/budapest-sorfesztival-beer-czech-festival.jpeg","contentUrl":"https:\/\/mavericklodges.com\/wp-content\/uploads\/2024\/11\/budapest-sorfesztival-beer-czech-festival.jpeg","width":1124,"height":854,"caption":"budapest-beer-festival"},{"@type":"BreadcrumbList","@id":"https:\/\/mavericklodges.com\/it\/festival-birra-budapest\/#breadcrumb","itemListElement":[{"@type":"ListItem","position":1,"name":"Home","item":"https:\/\/mavericklodges.com\/it\/"},{"@type":"ListItem","position":2,"name":"Festival della birra di Budapest 2026"}]},{"@type":"WebSite","@id":"https:\/\/mavericklodges.com\/it\/#website","url":"https:\/\/mavericklodges.com\/it\/","name":"Maverick Lodges\u2122","description":"Book direct for best deals","publisher":{"@id":"https:\/\/mavericklodges.com\/it\/#organization"},"potentialAction":[{"@type":"SearchAction","target":{"@type":"EntryPoint","urlTemplate":"https:\/\/mavericklodges.com\/it\/?s={search_term_string}"},"query-input":{"@type":"PropertyValueSpecification","valueRequired":true,"valueName":"search_term_string"}}],"inLanguage":"it-IT"},{"@type":"Organization","@id":"https:\/\/mavericklodges.com\/it\/#organization","name":"Maverick Lodges\u2122","url":"https:\/\/mavericklodges.com\/it\/","logo":{"@type":"ImageObject","inLanguage":"it-IT","@id":"https:\/\/mavericklodges.com\/it\/#\/schema\/logo\/image\/","url":"https:\/\/mavericklodges.com\/wp-content\/uploads\/2024\/08\/logo-black.png","contentUrl":"https:\/\/mavericklodges.com\/wp-content\/uploads\/2024\/08\/logo-black.png","width":1616,"height":371,"caption":"Maverick Lodges\u2122"},"image":{"@id":"https:\/\/mavericklodges.com\/it\/#\/schema\/logo\/image\/"}},{"@type":"Person","@id":"https:\/\/mavericklodges.com\/it\/#\/schema\/person\/3de09887c4209b8d73c2809913370261","name":"Ivan Palma","image":{"@type":"ImageObject","inLanguage":"it-IT","@id":"https:\/\/mavericklodges.com\/it\/#\/schema\/person\/image\/","url":"https:\/\/secure.gravatar.com\/avatar\/ef1f6767d451e7f654b2e62d270a9e6ea7d55b989a0749bfe87d5023fe4ce605?s=96&d=mm&r=g","contentUrl":"https:\/\/secure.gravatar.com\/avatar\/ef1f6767d451e7f654b2e62d270a9e6ea7d55b989a0749bfe87d5023fe4ce605?s=96&d=mm&r=g","caption":"Ivan Palma"}}]}},"_links":{"self":[{"href":"https:\/\/mavericklodges.com\/it\/wp-json\/wp\/v2\/posts\/2063","targetHints":{"allow":["GET"]}}],"collection":[{"href":"https:\/\/mavericklodges.com\/it\/wp-json\/wp\/v2\/posts"}],"about":[{"href":"https:\/\/mavericklodges.com\/it\/wp-json\/wp\/v2\/types\/post"}],"author":[{"embeddable":true,"href":"https:\/\/mavericklodges.com\/it\/wp-json\/wp\/v2\/users\/6"}],"replies":[{"embeddable":true,"href":"https:\/\/mavericklodges.com\/it\/wp-json\/wp\/v2\/comments?post=2063"}],"version-history":[{"count":3,"href":"https:\/\/mavericklodges.com\/it\/wp-json\/wp\/v2\/posts\/2063\/revisions"}],"predecessor-version":[{"id":11222,"href":"https:\/\/mavericklodges.com\/it\/wp-json\/wp\/v2\/posts\/2063\/revisions\/11222"}],"wp:featuredmedia":[{"embeddable":true,"href":"https:\/\/mavericklodges.com\/it\/wp-json\/wp\/v2\/media\/1362"}],"wp:attachment":[{"href":"https:\/\/mavericklodges.com\/it\/wp-json\/wp\/v2\/media?parent=2063"}],"wp:term":[{"taxonomy":"category","embeddable":true,"href":"https:\/\/mavericklodges.com\/it\/wp-json\/wp\/v2\/categories?post=2063"},{"taxonomy":"post_tag","embeddable":true,"href":"https:\/\/mavericklodges.com\/it\/wp-json\/wp\/v2\/tags?post=2063"}],"curies":[{"name":"wp","href":"https:\/\/api.w.org\/{rel}","templated":true}]}}